{"id":9578,"date":"2025-02-17T17:16:41","date_gmt":"2025-02-17T16:16:41","guid":{"rendered":"https:\/\/ilgiornaledieboli.it\/?p=9578"},"modified":"2025-02-17T17:47:08","modified_gmt":"2025-02-17T16:47:08","slug":"il-16-della-popolazione-ebolitana-e-composto-da-cittadini-stranieri-in-aumento-del-3-nellultimo-anno-presenza-anomala-nel-centro-storico-il-risultato-del-censimento-al-vaglio-della-terza-comm","status":"publish","type":"post","link":"https:\/\/ilgiornaledieboli.it\/index.php\/2025\/02\/17\/il-16-della-popolazione-ebolitana-e-composto-da-cittadini-stranieri-in-aumento-del-3-nellultimo-anno-presenza-anomala-nel-centro-storico-il-risultato-del-censimento-al-vaglio-della-terza-comm\/","title":{"rendered":"IL 16% DELLA POPOLAZIONE EBOLITANA \u00c8 COMPOSTO DA CITTADINI STRANIERI, in aumento del 3% nell&#8217;ultimo anno. &#8220;Presenza anomala nel Centro Storico&#8221;. Il risultato del censimento al vaglio della terza commissione."},"content":{"rendered":"\n<p><\/p>\n\n\n\n<p>Al vaglio della terza comnissione il risultato del censimento cittadino. Nelle cifre c\u2019\u00e8 la fotografia della citt\u00e0 e del suo territorio. Sui 38.931 residenti, ben 6197 sono i cittadini provenienti da altri Paesi, che rappresentano il 16% della popolazione residente. Il lungo e paziente lavoro, che recentemente \u00e8 stato sottoposto ad un\u2019analisi approfondita della III Commissione Consiliare, ha richiesto l\u2019impegno di uffici e settori i cui addetti hanno lavorato fianco a fianco per raggiungere l\u2019obiettivo. Proprio alla III Commissione Consiliare, presieduta da Matteo Balestrieri, \u00e8 stato presentato lo scorso 13 febbraio il censimento della citt\u00e0 di Eboli, con il supporto dell&#8217;assessore Antonio Corsetto e del responsabile dell&#8217;Ufficio Anagrafe. L&#8217;analisi statistica della popolazione residente nel comune di Eboli, effettuata con i dati ufficiali rilevati dalla LAC (Liste Anagrafiche Comunali), era stata avviata nel febbraio 2024, un anno fa, dall&#8217;Ufficio Anagrafe, su iniziativa del SUAP e dell&#8217;assessore Vincenzo Consalvo. Un impegno comunale che ha permesso di censire anche la popolazione di cittadinanza non italiana residente e che \u00e8 risultata in crescita sia in valore assoluto, che come incidenza. Il territorio ebolitano ha una popolazione di cittadini stranieri pari al 16% e la comunit\u00e0 pi\u00f9 numerosa \u00e8 quella proveniente dal Marocco (31%) seguita dalla Romania (29%) e dall&#8217;India (7%). Rispetto all\u20191 gennaio del 2024 si registra un aumento della popolazione straniera di 1239 unit\u00e0, pari al 3%. <\/p>\n\n\n\n<figure class=\"wp-block-image size-full\"><img loading=\"lazy\" decoding=\"async\" width=\"546\" height=\"960\" src=\"https:\/\/ilgiornaledieboli.it\/wp-content\/uploads\/2025\/02\/FB_IMG_1739810754437.jpg\" alt=\"\" class=\"wp-image-9583\" srcset=\"https:\/\/ilgiornaledieboli.it\/wp-content\/uploads\/2025\/02\/FB_IMG_1739810754437.jpg 546w, https:\/\/ilgiornaledieboli.it\/wp-content\/uploads\/2025\/02\/FB_IMG_1739810754437-171x300.jpg 171w\" sizes=\"auto, (max-width: 546px) 100vw, 546px\" \/><\/figure>\n\n\n\n<p>&#8220;E\u2019 importante questo lavoro statistico, apprezzato anche in sede di Commissione, perch\u00e9 mai nella storia della citt\u00e0 era stato fatto con tanto scrupolo &#8211; spiega Matteo Balestrieri, presidente della della III Commissione Consiliare -. Ringrazio per questo gli assessori Consalvo e Corsetto, oltre all&#8217;ufficio Suap e all&#8217;ufficio Anagrafe che hanno lavorato con OverdataSit a questo censimento. I dati statistici relativi alla popolazione di origine straniera regolarmente residente ad Eboli forniscono un quadro chiarissimo di quanto la questione dell&#8217;immigrazione debba essere affrontata come priorit\u00e0, ed \u00e8 ci\u00f2 che stiamo facendo attraverso politiche migratorie condivise con ASSI e Terzo Settore&#8221;. Sulla presenza di cittadini stranieri, in particolar modo censiti nel centro storico, si sofferma l\u2019analisi del sindaco, Mario Conte: &#8220;Siamo pronti ad avviare un\u2019azione energica di verifica dei dati che incroceremo con la disponibilit\u00e0 di vani presenti nel centro storico. L\u2019obiettivo \u00e8 verificare la compatibilit\u00e0 tra il numero dei residenti e quello dei vani idonei all\u2019uso abitativo. Questo perch\u00e9 l\u2019aumento che abbiamo registrato di cittadini stranieri nel centro storico \u00e8 anomalo, non ci sarebbe coerenza tra offerta abitativa e presenza di nuovi residenti. La nostra vuole essere un\u2019azione sia contro chi viola le regole, sia, soprattutto, a tutela dei cittadini originari di altri Paesi a cui vanno locati immobili idonei all\u2019uso abitativo e non locali che tali non sono e magari a canoni anche rilevanti\u00bb.<\/p>\n\n\n\n<figure class=\"wp-block-image size-large\"><img loading=\"lazy\" decoding=\"async\" width=\"1024\" height=\"447\" src=\"https:\/\/ilgiornaledieboli.it\/wp-content\/uploads\/2025\/02\/Screenshot_20250217_171015_Google-1024x447.jpg\" alt=\"\" class=\"wp-image-9579\" srcset=\"https:\/\/ilgiornaledieboli.it\/wp-content\/uploads\/2025\/02\/Screenshot_20250217_171015_Google-1024x447.jpg 1024w, https:\/\/ilgiornaledieboli.it\/wp-content\/uploads\/2025\/02\/Screenshot_20250217_171015_Google-300x131.jpg 300w, https:\/\/ilgiornaledieboli.it\/wp-content\/uploads\/2025\/02\/Screenshot_20250217_171015_Google-768x335.jpg 768w, https:\/\/ilgiornaledieboli.it\/wp-content\/uploads\/2025\/02\/Screenshot_20250217_171015_Google.jpg 1080w\" sizes=\"auto, (max-width: 1024px) 100vw, 1024px\" \/><\/figure>\n\n\n\n<p>Soddisfatto per il risultato ottenuto dall\u2019Ufficio Anagrafe anche l\u2019assessore di riferimento, Antonio Corsetto, che sottolinea anche l\u2019aspetto della sicurezza: \u00abL\u2019ufficio ha lavorato con impegno e pazienza, consegnandoci un rapporto che ci permetter\u00e0 di agire meglio sia in tema di sicurezza della citt\u00e0, sia anche per quanto riguarda il traffico veicolare che rimane legato alle presenze&#8221;.<\/p>\n","protected":false},"excerpt":{"rendered":"<p>Al vaglio della terza comnissione il risultato del censimento cittadino. Nelle cifre c\u2019\u00e8 la fotografia della citt\u00e0 e del suo territorio. Sui 38.931 residenti, ben 6197 sono i cittadini provenienti da altri Paesi, che rappresentano il 16% della popolazione residente. Il lungo e paziente lavoro, che recentemente \u00e8 stato sottoposto ad un\u2019analisi approfondita della III [&hellip;]<\/p>\n","protected":false},"author":5,"featured_media":9580,"comment_status":"open","ping_status":"open","sticky":false,"template":"","format":"standard","meta":{"footnotes":""},"categories":[11,4],"tags":[411,28,1318,627,40,5,353,345,1317,1295],"class_list":["post-9578","post","type-post","status-publish","format-standard","has-post-thumbnail","hentry","category-attualita","category-news","tag-antonio-corsetto","tag-attualita","tag-censimento","tag-centro-storico","tag-comune-di-eboli","tag-eboli","tag-matteobalestrieri","tag-sindaco-di-eboli","tag-stranieri","tag-terza-commissione"],"_links":{"self":[{"href":"https:\/\/ilgiornaledieboli.it\/index.php\/wp-json\/wp\/v2\/posts\/9578","targetHints":{"allow":["GET"]}}],"collection":[{"href":"https:\/\/ilgiornaledieboli.it\/index.php\/wp-json\/wp\/v2\/posts"}],"about":[{"href":"https:\/\/ilgiornaledieboli.it\/index.php\/wp-json\/wp\/v2\/types\/post"}],"author":[{"embeddable":true,"href":"https:\/\/ilgiornaledieboli.it\/index.php\/wp-json\/wp\/v2\/users\/5"}],"replies":[{"embeddable":true,"href":"https:\/\/ilgiornaledieboli.it\/index.php\/wp-json\/wp\/v2\/comments?post=9578"}],"version-history":[{"count":2,"href":"https:\/\/ilgiornaledieboli.it\/index.php\/wp-json\/wp\/v2\/posts\/9578\/revisions"}],"predecessor-version":[{"id":9584,"href":"https:\/\/ilgiornaledieboli.it\/index.php\/wp-json\/wp\/v2\/posts\/9578\/revisions\/9584"}],"wp:featuredmedia":[{"embeddable":true,"href":"https:\/\/ilgiornaledieboli.it\/index.php\/wp-json\/wp\/v2\/media\/9580"}],"wp:attachment":[{"href":"https:\/\/ilgiornaledieboli.it\/index.php\/wp-json\/wp\/v2\/media?parent=9578"}],"wp:term":[{"taxonomy":"category","embeddable":true,"href":"https:\/\/ilgiornaledieboli.it\/index.php\/wp-json\/wp\/v2\/categories?post=9578"},{"taxonomy":"post_tag","embeddable":true,"href":"https:\/\/ilgiornaledieboli.it\/index.php\/wp-json\/wp\/v2\/tags?post=9578"}],"curies":[{"name":"wp","href":"https:\/\/api.w.org\/{rel}","templated":true}]}}