{"id":9425,"date":"2025-02-04T13:12:33","date_gmt":"2025-02-04T12:12:33","guid":{"rendered":"https:\/\/ilgiornaledieboli.it\/?p=9425"},"modified":"2025-02-04T13:12:34","modified_gmt":"2025-02-04T12:12:34","slug":"il-laboratorio-di-biologia-molecolare-potrebbe-passare-a-battipaglia","status":"publish","type":"post","link":"https:\/\/ilgiornaledieboli.it\/index.php\/2025\/02\/04\/il-laboratorio-di-biologia-molecolare-potrebbe-passare-a-battipaglia\/","title":{"rendered":"IL LABORATORIO DI BIOLOGIA MOLECOLARE POTREBBE PASSARE A BATTIPAGLIA."},"content":{"rendered":"\n<p>\u00a0C&#8217;\u00e8  la possibilit\u00e0 che l&#8217;osoedale di Eboli perda un altro pezzo a favore di quello di Battipaglia. Il Coordinatore Provinciale UIL FPL Salerno, Vito Sparano, scrive al Direttore Sanitario DEA\u00a0Dott. Gerardo Liguori,\u00a0al Sindaco di Eboli, al\u00a0Direttore Generale ASL Salerno e al Direttore Sanitario ASL Salerno in merito agli spostamenti di esami di laboratorio dal presidio di Eboli a Battipaglia<\/p>\n\n\n\n<p>&#8220;La scrivente organizzazione sindacale \u00e8 venuta a conoscenza degli spostamenti di esami di laboratorio dal presidio di Eboli a Battipaglia, tra cui gli storici test di biologia molecolare, che hanno segnato la storia del laboratorio eburino.<\/p>\n\n\n\n<p>Tra questi anche gli esami di autoimmunit\u00e0 che completava l\u2019offerta assistenziale del presidio ospedaliero di Eboli alla cittadinanza ed alle specialit\u00e0 annesse al PO come la Neurologia, Nefrologia e Medicina interna con stampo reumatologico ecc..<\/p>\n\n\n\n<p>Si rammenta che la Biologia Molecolare e\u2019 da atto aziendale incardinata nella UOS di Biologia Molecolare e Laboratorio Analisi del P.O. di Eboli, oltretutto provvista anche di una camera a pressione negativa ci risulta unica in tutta l\u2019ASL Salerno, addirittura parrebbe che si stia gi\u00e0 allestendo presso il P.O. di Battipaglia tale servizio. Pertanto si chiede a codesta Direzione Sanitaria, perch\u00e9 questi esami vengono spostati nel presidio di Battipaglia? Sono stati autorizzati dalla Direzione Generale e per di pi\u00f9 dalla Regione Campania?<\/p>\n\n\n\n<p>Con la presente se ne richiede copia di tale eventuale autorizzazione.Infine, si Chiede al Sindaco di Eboli in primis che si attivi chiedendo informazioni in merito, onde evitare che un altro servizio venga tolto a questa storica struttura e dare risposte concrete alla collettivit\u00e0.&#8221;<\/p>\n","protected":false},"excerpt":{"rendered":"<p>\u00a0C&#8217;\u00e8 la possibilit\u00e0 che l&#8217;osoedale di Eboli perda un altro pezzo a favore di quello di Battipaglia. Il Coordinatore Provinciale UIL FPL Salerno, Vito Sparano, scrive al Direttore Sanitario DEA\u00a0Dott. Gerardo Liguori,\u00a0al Sindaco di Eboli, al\u00a0Direttore Generale ASL Salerno e al Direttore Sanitario ASL Salerno in merito agli spostamenti di esami di laboratorio dal presidio [&hellip;]<\/p>\n","protected":false},"author":5,"featured_media":9426,"comment_status":"open","ping_status":"open","sticky":false,"template":"","format":"standard","meta":{"footnotes":""},"categories":[4,12],"tags":[1301,40,5,1302,23,21,56,633],"class_list":["post-9425","post","type-post","status-publish","format-standard","has-post-thumbnail","hentry","category-news","category-sanita","tag-biologia-molecolare","tag-comune-di-eboli","tag-eboli","tag-laboratorio-danalisi","tag-ospedale","tag-sanita","tag-uilfpl","tag-vito-sparano"],"_links":{"self":[{"href":"https:\/\/ilgiornaledieboli.it\/index.php\/wp-json\/wp\/v2\/posts\/9425","targetHints":{"allow":["GET"]}}],"collection":[{"href":"https:\/\/ilgiornaledieboli.it\/index.php\/wp-json\/wp\/v2\/posts"}],"about":[{"href":"https:\/\/ilgiornaledieboli.it\/index.php\/wp-json\/wp\/v2\/types\/post"}],"author":[{"embeddable":true,"href":"https:\/\/ilgiornaledieboli.it\/index.php\/wp-json\/wp\/v2\/users\/5"}],"replies":[{"embeddable":true,"href":"https:\/\/ilgiornaledieboli.it\/index.php\/wp-json\/wp\/v2\/comments?post=9425"}],"version-history":[{"count":1,"href":"https:\/\/ilgiornaledieboli.it\/index.php\/wp-json\/wp\/v2\/posts\/9425\/revisions"}],"predecessor-version":[{"id":9427,"href":"https:\/\/ilgiornaledieboli.it\/index.php\/wp-json\/wp\/v2\/posts\/9425\/revisions\/9427"}],"wp:featuredmedia":[{"embeddable":true,"href":"https:\/\/ilgiornaledieboli.it\/index.php\/wp-json\/wp\/v2\/media\/9426"}],"wp:attachment":[{"href":"https:\/\/ilgiornaledieboli.it\/index.php\/wp-json\/wp\/v2\/media?parent=9425"}],"wp:term":[{"taxonomy":"category","embeddable":true,"href":"https:\/\/ilgiornaledieboli.it\/index.php\/wp-json\/wp\/v2\/categories?post=9425"},{"taxonomy":"post_tag","embeddable":true,"href":"https:\/\/ilgiornaledieboli.it\/index.php\/wp-json\/wp\/v2\/tags?post=9425"}],"curies":[{"name":"wp","href":"https:\/\/api.w.org\/{rel}","templated":true}]}}