{"id":8986,"date":"2024-11-29T12:36:43","date_gmt":"2024-11-29T11:36:43","guid":{"rendered":"https:\/\/ilgiornaledieboli.it\/?p=8986"},"modified":"2024-11-29T12:36:43","modified_gmt":"2024-11-29T11:36:43","slug":"la-marcia-per-la-legalita-e-fissata-per-il-2-dicembre","status":"publish","type":"post","link":"https:\/\/ilgiornaledieboli.it\/index.php\/2024\/11\/29\/la-marcia-per-la-legalita-e-fissata-per-il-2-dicembre\/","title":{"rendered":"LA MARCIA PER LA LEGALIT\u00c0 \u00c8 FISSATA PER IL 2 DICEMBRE ."},"content":{"rendered":"\n<p><\/p>\n\n\n\n<p>Dopo che il sindaco Mario Conte aveva indicato la proposta di indire una marcia per la legalit\u00e0 per oggi 29, questo appuntamento viene fissato ora per il 2 dicembre prossimo di luned\u00ec, alle 19.00 con partenza dalla piazzetta Carlo Levi fino a piazza della Repubblica lungo tutto il viale Amendola. I recenti fatti di cronaca: la bomba carta al bar Ritz e l&#8217;incendio di fronte alla libreria Mondadori, hanno &#8220;turbato la collettivit\u00e0&#8221;. Urge dunque, secondo il primo cittadino, la necessit\u00e0 che tutti, cittadini, associazioni, studenti, sindacati, forza politiche &#8221; senza esitazioni e senza divisioni &#8221; portino la loro testimonianza per condannare ogni violenza e ogni atto di criminalit\u00e0. Nessun accenno su chi interverr\u00e0 o potr\u00e0 intervenire con un discorso, motivo di dispute politiche nel corso di tutta la settimana.<\/p>\n\n\n\n<figure class=\"wp-block-gallery has-nested-images columns-default is-cropped wp-block-gallery-1 is-layout-flex wp-block-gallery-is-layout-flex\">\n<figure class=\"wp-block-image size-large\"><img loading=\"lazy\" decoding=\"async\" width=\"1024\" height=\"910\" data-id=\"8987\" src=\"https:\/\/ilgiornaledieboli.it\/wp-content\/uploads\/2024\/11\/IMG-20241129-WA0001-1024x910.jpg\" alt=\"\" class=\"wp-image-8987\" srcset=\"https:\/\/ilgiornaledieboli.it\/wp-content\/uploads\/2024\/11\/IMG-20241129-WA0001-1024x910.jpg 1024w, https:\/\/ilgiornaledieboli.it\/wp-content\/uploads\/2024\/11\/IMG-20241129-WA0001-300x267.jpg 300w, https:\/\/ilgiornaledieboli.it\/wp-content\/uploads\/2024\/11\/IMG-20241129-WA0001-768x683.jpg 768w, https:\/\/ilgiornaledieboli.it\/wp-content\/uploads\/2024\/11\/IMG-20241129-WA0001.jpg 1080w\" sizes=\"auto, (max-width: 1024px) 100vw, 1024px\" \/><\/figure>\n<\/figure>\n","protected":false},"excerpt":{"rendered":"<p>Dopo che il sindaco Mario Conte aveva indicato la proposta di indire una marcia per la legalit\u00e0 per oggi 29, questo appuntamento viene fissato ora per il 2 dicembre prossimo di luned\u00ec, alle 19.00 con partenza dalla piazzetta Carlo Levi fino a piazza della Repubblica lungo tutto il viale Amendola. I recenti fatti di cronaca: [&hellip;]<\/p>\n","protected":false},"author":5,"featured_media":8901,"comment_status":"open","ping_status":"open","sticky":false,"template":"","format":"standard","meta":{"footnotes":""},"categories":[10,4],"tags":[40,5,16,1235,345],"class_list":["post-8986","post","type-post","status-publish","format-standard","has-post-thumbnail","hentry","category-cronaca","category-news","tag-comune-di-eboli","tag-eboli","tag-eventi","tag-marcia-per-la-legalita","tag-sindaco-di-eboli"],"_links":{"self":[{"href":"https:\/\/ilgiornaledieboli.it\/index.php\/wp-json\/wp\/v2\/posts\/8986","targetHints":{"allow":["GET"]}}],"collection":[{"href":"https:\/\/ilgiornaledieboli.it\/index.php\/wp-json\/wp\/v2\/posts"}],"about":[{"href":"https:\/\/ilgiornaledieboli.it\/index.php\/wp-json\/wp\/v2\/types\/post"}],"author":[{"embeddable":true,"href":"https:\/\/ilgiornaledieboli.it\/index.php\/wp-json\/wp\/v2\/users\/5"}],"replies":[{"embeddable":true,"href":"https:\/\/ilgiornaledieboli.it\/index.php\/wp-json\/wp\/v2\/comments?post=8986"}],"version-history":[{"count":1,"href":"https:\/\/ilgiornaledieboli.it\/index.php\/wp-json\/wp\/v2\/posts\/8986\/revisions"}],"predecessor-version":[{"id":8988,"href":"https:\/\/ilgiornaledieboli.it\/index.php\/wp-json\/wp\/v2\/posts\/8986\/revisions\/8988"}],"wp:featuredmedia":[{"embeddable":true,"href":"https:\/\/ilgiornaledieboli.it\/index.php\/wp-json\/wp\/v2\/media\/8901"}],"wp:attachment":[{"href":"https:\/\/ilgiornaledieboli.it\/index.php\/wp-json\/wp\/v2\/media?parent=8986"}],"wp:term":[{"taxonomy":"category","embeddable":true,"href":"https:\/\/ilgiornaledieboli.it\/index.php\/wp-json\/wp\/v2\/categories?post=8986"},{"taxonomy":"post_tag","embeddable":true,"href":"https:\/\/ilgiornaledieboli.it\/index.php\/wp-json\/wp\/v2\/tags?post=8986"}],"curies":[{"name":"wp","href":"https:\/\/api.w.org\/{rel}","templated":true}]}}