{"id":8630,"date":"2024-11-09T10:08:42","date_gmt":"2024-11-09T09:08:42","guid":{"rendered":"https:\/\/ilgiornaledieboli.it\/?p=8630"},"modified":"2024-11-09T10:08:42","modified_gmt":"2024-11-09T09:08:42","slug":"ebolitana-in-trasferta-a-montemiletto-diretta-streaming-su-radioeboli1","status":"publish","type":"post","link":"https:\/\/ilgiornaledieboli.it\/index.php\/2024\/11\/09\/ebolitana-in-trasferta-a-montemiletto-diretta-streaming-su-radioeboli1\/","title":{"rendered":"Ebolitana in trasferta a Montemiletto. Diretta streaming su RadioEboli1"},"content":{"rendered":"\n<p>Quest&#8217;oggi sul campo di Montemiletto torner\u00e0 in campo l&#8217;Ebolitana 1925 contro il Lions, gara valevole per l&#8217;undicesima giornata del campionato di eccellenza girone B. Tante novit\u00e0 in casa biancazzurra, a partire dall&#8217;esordio sulla panchina del nuovo mister Stefano Liquidato. Tante le attese per vedere come reagir\u00e0 la squadra al cambio di panchina. Dopo l&#8217;esonero di Ciro De cesare della settimana scorsa la societ\u00e0 si \u00e8 presa qualche giorno in pi\u00f9 per nominare il sostituto, e la scelta \u00e8 ricaduta sull&#8217;allenatore nativo di Baiano, ex Scafatese ed Angri. Quindi allenatore di esperienza per fare in modo che la stagione iniziata male venga corretta in corsa. In settimana sono arrivati anche dei nuovi calciatori a rinforzare l&#8217;organico, il centrocampista di esperienza Stefano Costantino, ex Ercolanese e Savoia, e due giovani, Christian Izzo, portiere classe 2005, e Leopoldo Di Mauro, centrocampista classe 2005. La squadra ebolitana viene dalla sfortunata gara di domenica scorsa contro il Salernum Baronissi, in cui ha visto sfumare la meritata vittoria a tempo scaduto. La gara si giocher\u00e0 allo stadio &#8220;Fina&#8221; di Montemiletto (Avellino), con inizio alle ore 14:30, gara affidata all&#8217;arbitro Mario Ciccareli della sezione di Castellammare di Stabia, coadiuvato dagli assistenti  Maria Vittoria Ievolella della sezione di Benevento e Jacopo De Rosa della sezione di Castellammare di Stabia. La gara sar\u00e0 trasmessa in diretta streaming sulla pagina Facebook di RadioEboli1, in collegamento da Montemiletto ci sar\u00e0 Giuseppe Seven Petillo. <\/p>\n\n\n\n<figure class=\"wp-block-gallery has-nested-images columns-default is-cropped wp-block-gallery-1 is-layout-flex wp-block-gallery-is-layout-flex\">\n<figure class=\"wp-block-image size-large\"><img loading=\"lazy\" decoding=\"async\" width=\"655\" height=\"1024\" data-id=\"8632\" src=\"https:\/\/ilgiornaledieboli.it\/wp-content\/uploads\/2024\/11\/465774070_528540799994193_411154504575693526_n-655x1024.jpg\" alt=\"\" class=\"wp-image-8632\" srcset=\"https:\/\/ilgiornaledieboli.it\/wp-content\/uploads\/2024\/11\/465774070_528540799994193_411154504575693526_n-655x1024.jpg 655w, https:\/\/ilgiornaledieboli.it\/wp-content\/uploads\/2024\/11\/465774070_528540799994193_411154504575693526_n-192x300.jpg 192w, https:\/\/ilgiornaledieboli.it\/wp-content\/uploads\/2024\/11\/465774070_528540799994193_411154504575693526_n-768x1202.jpg 768w, https:\/\/ilgiornaledieboli.it\/wp-content\/uploads\/2024\/11\/465774070_528540799994193_411154504575693526_n-982x1536.jpg 982w, https:\/\/ilgiornaledieboli.it\/wp-content\/uploads\/2024\/11\/465774070_528540799994193_411154504575693526_n.jpg 1309w\" sizes=\"auto, (max-width: 655px) 100vw, 655px\" \/><\/figure>\n<\/figure>\n\n\n\n<figure class=\"wp-block-image size-large\"><img loading=\"lazy\" decoding=\"async\" width=\"866\" height=\"1024\" src=\"https:\/\/ilgiornaledieboli.it\/wp-content\/uploads\/2024\/11\/465970713_528547049993568_3093362909945627711_n-866x1024.jpg\" alt=\"\" class=\"wp-image-8633\" srcset=\"https:\/\/ilgiornaledieboli.it\/wp-content\/uploads\/2024\/11\/465970713_528547049993568_3093362909945627711_n-866x1024.jpg 866w, https:\/\/ilgiornaledieboli.it\/wp-content\/uploads\/2024\/11\/465970713_528547049993568_3093362909945627711_n-254x300.jpg 254w, https:\/\/ilgiornaledieboli.it\/wp-content\/uploads\/2024\/11\/465970713_528547049993568_3093362909945627711_n-768x909.jpg 768w, https:\/\/ilgiornaledieboli.it\/wp-content\/uploads\/2024\/11\/465970713_528547049993568_3093362909945627711_n-1298x1536.jpg 1298w, https:\/\/ilgiornaledieboli.it\/wp-content\/uploads\/2024\/11\/465970713_528547049993568_3093362909945627711_n.jpg 1513w\" sizes=\"auto, (max-width: 866px) 100vw, 866px\" \/><\/figure>\n","protected":false},"excerpt":{"rendered":"<p>Quest&#8217;oggi sul campo di Montemiletto torner\u00e0 in campo l&#8217;Ebolitana 1925 contro il Lions, gara valevole per l&#8217;undicesima giornata del campionato di eccellenza girone B. Tante novit\u00e0 in casa biancazzurra, a partire dall&#8217;esordio sulla panchina del nuovo mister Stefano Liquidato. Tante le attese per vedere come reagir\u00e0 la squadra al cambio di panchina. Dopo l&#8217;esonero di [&hellip;]<\/p>\n","protected":false},"author":8,"featured_media":8631,"comment_status":"open","ping_status":"open","sticky":false,"template":"","format":"standard","meta":{"footnotes":""},"categories":[4,1],"tags":[938,1219,1220,1216,192,995,1218,1214,1215,1000,1217],"class_list":["post-8630","post","type-post","status-publish","format-standard","has-post-thumbnail","hentry","category-news","category-sport","tag-angri","tag-avellino","tag-baiano","tag-decesare","tag-ebolitana-calcio-1925","tag-eccellenza-campana","tag-ercolanese","tag-lions","tag-liquidato","tag-montemiletto","tag-scafatese"],"_links":{"self":[{"href":"https:\/\/ilgiornaledieboli.it\/index.php\/wp-json\/wp\/v2\/posts\/8630","targetHints":{"allow":["GET"]}}],"collection":[{"href":"https:\/\/ilgiornaledieboli.it\/index.php\/wp-json\/wp\/v2\/posts"}],"about":[{"href":"https:\/\/ilgiornaledieboli.it\/index.php\/wp-json\/wp\/v2\/types\/post"}],"author":[{"embeddable":true,"href":"https:\/\/ilgiornaledieboli.it\/index.php\/wp-json\/wp\/v2\/users\/8"}],"replies":[{"embeddable":true,"href":"https:\/\/ilgiornaledieboli.it\/index.php\/wp-json\/wp\/v2\/comments?post=8630"}],"version-history":[{"count":0,"href":"https:\/\/ilgiornaledieboli.it\/index.php\/wp-json\/wp\/v2\/posts\/8630\/revisions"}],"wp:featuredmedia":[{"embeddable":true,"href":"https:\/\/ilgiornaledieboli.it\/index.php\/wp-json\/wp\/v2\/media\/8631"}],"wp:attachment":[{"href":"https:\/\/ilgiornaledieboli.it\/index.php\/wp-json\/wp\/v2\/media?parent=8630"}],"wp:term":[{"taxonomy":"category","embeddable":true,"href":"https:\/\/ilgiornaledieboli.it\/index.php\/wp-json\/wp\/v2\/categories?post=8630"},{"taxonomy":"post_tag","embeddable":true,"href":"https:\/\/ilgiornaledieboli.it\/index.php\/wp-json\/wp\/v2\/tags?post=8630"}],"curies":[{"name":"wp","href":"https:\/\/api.w.org\/{rel}","templated":true}]}}