{"id":8608,"date":"2024-11-06T17:59:28","date_gmt":"2024-11-06T16:59:28","guid":{"rendered":"https:\/\/ilgiornaledieboli.it\/?p=8608"},"modified":"2024-11-06T17:59:28","modified_gmt":"2024-11-06T16:59:28","slug":"apre-giovedi-7-il-nuovo-punto-assistenza-dellasis","status":"publish","type":"post","link":"https:\/\/ilgiornaledieboli.it\/index.php\/2024\/11\/06\/apre-giovedi-7-il-nuovo-punto-assistenza-dellasis\/","title":{"rendered":"Apre gioved\u00ec 7 il nuovo punto assistenza dell&#8217;Asis."},"content":{"rendered":"\n<p> ASIS, in collaborazione con il Comune di Eboli, annuncia l\u2019apertura di un nuovo Punto Assistenza dedicato ai cittadini ebolitani. L\u2019inaugurazione, che si terr\u00e0 gioved\u00ec 7 novembre alle ore 11.00 presso la sede del Comune, vedr\u00e0 la partecipazione del Sindaco di Eboli Mario Conte oltre al Presidente di ASIS Salernitana Reti e Impianti s.p.a., Arch. Domenico De Maio, accompagnato dall\u2019Amministratore Delegato l\u2019Ing. Italo Lullo e dal Direttore Generale ing. Giuseppe Giannella.<br>Questo nuovo spazio nasce dalla volont\u00e0 di ASIS e delle istituzioni locali di costruire una rete di servizi idrici efficiente e attenta ai bisogni della comunit\u00e0. Il Punto Assistenza rappresenta un impegno concreto per facilitare l\u2019accesso a informazioni e soluzioni, creando un canale di contatto diretto tra ASIS e gli utenti per la gestione delle utenze, la risoluzione di problematiche tecniche e la promozione di un uso responsabile e sostenibile delle risorse idriche.<br>Il Presidente di ASIS, Arch. Domenico De Maio, ha dichiarato:<br>\u00abLa collaborazione tra ASIS e il Comune di Eboli \u00e8 un pilastro fondamentale del nostro impegno per la trasparenza e l\u2019efficienza nei servizi. Con l\u2019apertura di questo Punto Assistenza, intendiamo rafforzare il nostro legame con il territorio e fornire risposte tempestive e soluzioni mirate ai cittadini. Questo passo \u00e8 una dimostrazione del nostro impegno verso una gestione idrica pi\u00f9 vicina alla comunit\u00e0 e alle sue esigenze\u00bb.<br>Anche il Sindaco di Eboli ha espresso soddisfazione per l\u2019iniziativa, sottolineando l\u2019importanza della collaborazione tra amministrazione locale e societ\u00e0 di servizi: \u00abUna collaborazione che soprattutto fornir\u00e0 servizi sempre pi\u00f9 efficienti e attenti ai bisogni dei cittadini. L\u2019apertura del punto Asis presso Palazzo di citt\u00e0 era tra gli obiettivi della nostra Amministrazione. Vi hanno lavorato sia l\u2019Assessore all\u2019Ambiente Nadia La Brocca che l\u2019Assessore al Patrimonio Vincenzo Consalvo. Una dimostrazione concreta che quando si fa squadra anche con gli altri enti si ottengono i migliori risultati per la collettivit\u00e0\u00bb.<\/p>\n","protected":false},"excerpt":{"rendered":"<p>ASIS, in collaborazione con il Comune di Eboli, annuncia l\u2019apertura di un nuovo Punto Assistenza dedicato ai cittadini ebolitani. L\u2019inaugurazione, che si terr\u00e0 gioved\u00ec 7 novembre alle ore 11.00 presso la sede del Comune, vedr\u00e0 la partecipazione del Sindaco di Eboli Mario Conte oltre al Presidente di ASIS Salernitana Reti e Impianti s.p.a., Arch. Domenico [&hellip;]<\/p>\n","protected":false},"author":5,"featured_media":8609,"comment_status":"open","ping_status":"open","sticky":false,"template":"","format":"standard","meta":{"footnotes":""},"categories":[13,4],"tags":[471,28,40,5,16,1209],"class_list":["post-8608","post","type-post","status-publish","format-standard","has-post-thumbnail","hentry","category-eventi","category-news","tag-asis","tag-attualita","tag-comune-di-eboli","tag-eboli","tag-eventi","tag-punto-assistenza"],"_links":{"self":[{"href":"https:\/\/ilgiornaledieboli.it\/index.php\/wp-json\/wp\/v2\/posts\/8608","targetHints":{"allow":["GET"]}}],"collection":[{"href":"https:\/\/ilgiornaledieboli.it\/index.php\/wp-json\/wp\/v2\/posts"}],"about":[{"href":"https:\/\/ilgiornaledieboli.it\/index.php\/wp-json\/wp\/v2\/types\/post"}],"author":[{"embeddable":true,"href":"https:\/\/ilgiornaledieboli.it\/index.php\/wp-json\/wp\/v2\/users\/5"}],"replies":[{"embeddable":true,"href":"https:\/\/ilgiornaledieboli.it\/index.php\/wp-json\/wp\/v2\/comments?post=8608"}],"version-history":[{"count":0,"href":"https:\/\/ilgiornaledieboli.it\/index.php\/wp-json\/wp\/v2\/posts\/8608\/revisions"}],"wp:featuredmedia":[{"embeddable":true,"href":"https:\/\/ilgiornaledieboli.it\/index.php\/wp-json\/wp\/v2\/media\/8609"}],"wp:attachment":[{"href":"https:\/\/ilgiornaledieboli.it\/index.php\/wp-json\/wp\/v2\/media?parent=8608"}],"wp:term":[{"taxonomy":"category","embeddable":true,"href":"https:\/\/ilgiornaledieboli.it\/index.php\/wp-json\/wp\/v2\/categories?post=8608"},{"taxonomy":"post_tag","embeddable":true,"href":"https:\/\/ilgiornaledieboli.it\/index.php\/wp-json\/wp\/v2\/tags?post=8608"}],"curies":[{"name":"wp","href":"https:\/\/api.w.org\/{rel}","templated":true}]}}