{"id":8566,"date":"2024-11-02T13:28:39","date_gmt":"2024-11-02T12:28:39","guid":{"rendered":"https:\/\/ilgiornaledieboli.it\/?p=8566"},"modified":"2024-11-02T13:28:39","modified_gmt":"2024-11-02T12:28:39","slug":"xd390-il-centro-storico-e-proprieta-collettiva-non-e-una-proprieta-privata","status":"publish","type":"post","link":"https:\/\/ilgiornaledieboli.it\/index.php\/2024\/11\/02\/xd390-il-centro-storico-e-proprieta-collettiva-non-e-una-proprieta-privata\/","title":{"rendered":"XD390: Il centro storico \u00e8 propriet\u00e0 collettiva, non \u00e8 una propriet\u00e0 privata."},"content":{"rendered":"\n<p>Lo scorso 31 ottobre in Piazza Porta Dogana si \u00e8 tenuta la prima edizione di \u201cFOLK! Gente\/popolare\/tradizione\u201d, nato per riproporre il folklore e la cultura ebolitana sotto un punto di vista attuale e giovanile, creando, al contempo, una progettualit\u00e0 a livello artistico-culturale, portando il teatro, la musica, la fotografia e il disegno tra la gente.<\/p>\n\n\n\n<p>Anche la locazione non \u00e8 scelta a caso, abbiamo puntato sul centro storico, come luogo evocativo delle antiche tradizioni della citt\u00e0.<\/p>\n\n\n\n<p>L\u2019evento si \u00e8 rivelato piuttosto singolare: abbiamo riscontrato innumerevoli difficolt\u00e0 nella realizzazione dell\u2019evento, nate sia in seno all\u2019organizzazione, sia indotte da fattori esterni. In particolare, va fatto un \u201cmea culpa\u201d per quanto riguarda alcuni dei temi che abbiamo provato a proporre, ovvero l\u2019abusivismo e il lavoro a nero che non \u00e8 andato a genio ai feudatari del borgo antico (i VERI possessori della tradizione e del centro storico).<\/p>\n\n\n\n<p>Gli stessi che ci hanno intimato di rivolgerci solo e soltanto a loro nel caso volessimo varcare la storica Porta Dogana, un po\u2019 come avveniva qualche secolo fa, rimarcando la loro mentalit\u00e0 feudataria. Inoltre, per chi conosce le dinamiche attorno alle quali \u00e8 nato ed \u00e8 stato costruito l\u2019evento, non fa fatica a parlare di sabotaggio.<\/p>\n\n\n\n<p>Sabotaggio agevolato dall\u2019assenza delle istituzioni.<\/p>\n\n\n\n<p>In effetti FOLK, in un modo o nell\u2019altro, \u00e8 stato un evento che ha fatto parlare di s\u00e9. <\/p>\n\n\n\n<p>Da chi ci ha dipinto come invasori di uno spazio sacro, chi ci ha accusato di aver oltraggiato la tradizione e via discorrendo. <\/p>\n\n\n\n<p>Ma FOLK \u00e8 stato un evento storico: \u00e8 il primo evento patrocinato dal comune a non aver avuto una rappresentanza di giunta, a non essere stato sostenuto apertamente, a non aver ricevuto alcun tipo di supporto.<\/p>\n\n\n\n<p>Ma, almeno, avevamo il permesso di usare il logo del comune e di usare la scarsa corrente elettrica; dando cos\u00ec l&#8217;immagine (reale) di una citt\u00e0 vuota, catatonica e disinteressata, alle persone venute da fuori.<\/p>\n\n\n\n<p>Non proprio una bella pubblicit\u00e0!<\/p>\n\n\n\n<p>Non siamo stati i primi e, di certo, non saremo gli ultimi a riscontrare questi problemi. <\/p>\n\n\n\n<p>Di fatto crediamo sia importante porre l\u2019accento sui vari problemi, come l\u2019abusivismo e l\u2019autocrazia di certe persone che rivendicano il centro storico come il proprio. <\/p>\n\n\n\n<p>Crediamo sia importante che l&#8217;attuale giunta si esponga e prenda provvedimenti a riguardo.<\/p>\n\n\n\n<p>Il centro storico \u00e8 una propriet\u00e0 culturale, storica, artistica. <\/p>\n\n\n\n<p>Non \u00e8 una propriet\u00e0 privata. <\/p>\n\n\n\n<p>Il centro storico \u00e8 di chi lo vive, di chi lo abita, dei lavoratori e degli studenti.<\/p>\n\n\n\n<p>Il centro storico \u00e8 propriet\u00e0 collettiva ed \u00e8 bene che questa cosa sia chiara a tutti.<\/p>\n\n\n\n<p>That&#8217;s all FOLKs, ci vediamo l&#8217;anno prossimo!<\/p>\n\n\n\n<figure data-wp-context=\"{&quot;imageId&quot;:&quot;69f1ee112a0c6&quot;}\" data-wp-interactive=\"core\/image\" data-wp-key=\"69f1ee112a0c6\" class=\"wp-block-image size-large wp-lightbox-container\"><img loading=\"lazy\" decoding=\"async\" width=\"998\" height=\"1024\" data-wp-class--hide=\"state.isContentHidden\" data-wp-class--show=\"state.isContentVisible\" data-wp-init=\"callbacks.setButtonStyles\" data-wp-on--click=\"actions.showLightbox\" data-wp-on--load=\"callbacks.setButtonStyles\" data-wp-on-window--resize=\"callbacks.setButtonStyles\" src=\"https:\/\/ilgiornaledieboli.it\/wp-content\/uploads\/2024\/11\/1000101773-998x1024.jpg\" alt=\"\" class=\"wp-image-8568\" srcset=\"https:\/\/ilgiornaledieboli.it\/wp-content\/uploads\/2024\/11\/1000101773-998x1024.jpg 998w, https:\/\/ilgiornaledieboli.it\/wp-content\/uploads\/2024\/11\/1000101773-293x300.jpg 293w, https:\/\/ilgiornaledieboli.it\/wp-content\/uploads\/2024\/11\/1000101773-768x788.jpg 768w, https:\/\/ilgiornaledieboli.it\/wp-content\/uploads\/2024\/11\/1000101773-1498x1536.jpg 1498w, https:\/\/ilgiornaledieboli.it\/wp-content\/uploads\/2024\/11\/1000101773-1997x2048.jpg 1997w\" sizes=\"auto, (max-width: 998px) 100vw, 998px\" \/><button\n\t\t\tclass=\"lightbox-trigger\"\n\t\t\ttype=\"button\"\n\t\t\taria-haspopup=\"dialog\"\n\t\t\taria-label=\"Ingrandisci\"\n\t\t\tdata-wp-init=\"callbacks.initTriggerButton\"\n\t\t\tdata-wp-on--click=\"actions.showLightbox\"\n\t\t\tdata-wp-style--right=\"state.imageButtonRight\"\n\t\t\tdata-wp-style--top=\"state.imageButtonTop\"\n\t\t>\n\t\t\t<svg xmlns=\"http:\/\/www.w3.org\/2000\/svg\" width=\"12\" height=\"12\" fill=\"none\" viewBox=\"0 0 12 12\">\n\t\t\t\t<path fill=\"#fff\" d=\"M2 0a2 2 0 0 0-2 2v2h1.5V2a.5.5 0 0 1 .5-.5h2V0H2Zm2 10.5H2a.5.5 0 0 1-.5-.5V8H0v2a2 2 0 0 0 2 2h2v-1.5ZM8 12v-1.5h2a.5.5 0 0 0 .5-.5V8H12v2a2 2 0 0 1-2 2H8Zm2-12a2 2 0 0 1 2 2v2h-1.5V2a.5.5 0 0 0-.5-.5H8V0h2Z\" \/>\n\t\t\t<\/svg>\n\t\t<\/button><\/figure>\n","protected":false},"excerpt":{"rendered":"<p>Lo scorso 31 ottobre in Piazza Porta Dogana si \u00e8 tenuta la prima edizione di \u201cFOLK! Gente\/popolare\/tradizione\u201d, nato per riproporre il folklore e la cultura ebolitana sotto un punto di vista attuale e giovanile, creando, al contempo, una progettualit\u00e0 a livello artistico-culturale, portando il teatro, la musica, la fotografia e il disegno tra la gente. [&hellip;]<\/p>\n","protected":false},"author":7,"featured_media":8567,"comment_status":"open","ping_status":"open","sticky":false,"template":"","format":"standard","meta":{"footnotes":""},"categories":[11,13,4],"tags":[28,40,5,16],"class_list":["post-8566","post","type-post","status-publish","format-standard","has-post-thumbnail","hentry","category-attualita","category-eventi","category-news","tag-attualita","tag-comune-di-eboli","tag-eboli","tag-eventi"],"_links":{"self":[{"href":"https:\/\/ilgiornaledieboli.it\/index.php\/wp-json\/wp\/v2\/posts\/8566","targetHints":{"allow":["GET"]}}],"collection":[{"href":"https:\/\/ilgiornaledieboli.it\/index.php\/wp-json\/wp\/v2\/posts"}],"about":[{"href":"https:\/\/ilgiornaledieboli.it\/index.php\/wp-json\/wp\/v2\/types\/post"}],"author":[{"embeddable":true,"href":"https:\/\/ilgiornaledieboli.it\/index.php\/wp-json\/wp\/v2\/users\/7"}],"replies":[{"embeddable":true,"href":"https:\/\/ilgiornaledieboli.it\/index.php\/wp-json\/wp\/v2\/comments?post=8566"}],"version-history":[{"count":0,"href":"https:\/\/ilgiornaledieboli.it\/index.php\/wp-json\/wp\/v2\/posts\/8566\/revisions"}],"wp:featuredmedia":[{"embeddable":true,"href":"https:\/\/ilgiornaledieboli.it\/index.php\/wp-json\/wp\/v2\/media\/8567"}],"wp:attachment":[{"href":"https:\/\/ilgiornaledieboli.it\/index.php\/wp-json\/wp\/v2\/media?parent=8566"}],"wp:term":[{"taxonomy":"category","embeddable":true,"href":"https:\/\/ilgiornaledieboli.it\/index.php\/wp-json\/wp\/v2\/categories?post=8566"},{"taxonomy":"post_tag","embeddable":true,"href":"https:\/\/ilgiornaledieboli.it\/index.php\/wp-json\/wp\/v2\/tags?post=8566"}],"curies":[{"name":"wp","href":"https:\/\/api.w.org\/{rel}","templated":true}]}}