{"id":8553,"date":"2024-10-31T17:22:05","date_gmt":"2024-10-31T16:22:05","guid":{"rendered":"https:\/\/ilgiornaledieboli.it\/?p=8553"},"modified":"2024-10-31T17:22:05","modified_gmt":"2024-10-31T16:22:05","slug":"piazzetta-carlo-levi-cambia-volto","status":"publish","type":"post","link":"https:\/\/ilgiornaledieboli.it\/index.php\/2024\/10\/31\/piazzetta-carlo-levi-cambia-volto\/","title":{"rendered":"PIAZZETTA CARLO  LEVI CAMBIA VOLTO."},"content":{"rendered":"\n<p>L&#8217;idea \u00e8 quella di realizzare un parco giochi l\u00e0 dove si sono create &#8220;zone d&#8217;ombra&#8221; poco visibili, di sera usate come fumeria di hashish e marijuana.  Gli effluvi giungono fino alle palazzine retrostanti dove abitano famiglie alla vecchia maniera e, soprattutto in estate, quando si lasciano aperte le finestre, nei salotti e nelle cucine entra il fumo passivo delle droghe&#8230;forse rende tutti pi\u00f9 allegri, ma potrebbero crearsi anche casi di tossico dipendenza con conseguenti cause ai danni del Comune. Si scherza. Quella zona d&#8217;ombra per\u00f2 \u00e8 sede anche di malaffare e di spaventevoli urla belluine fino alle tre del mattino quando le angosce della vita quotidiana dominano nel buio che avvolge i sonni dei tranquilli cittadini. Guai a lamentarsi poi, perch\u00e9 la reazione \u00e8 il lancio di sassi e bottiglie di birra vuote dalle &#8216;drogherie&#8217; fin sui balconi. Quando poi non si riesce a pagare la dose, spesso e malauguratamente, si fa visita alle autovetture parcheggiate per raccattare qualcosa da vendere dopo avere mandato in frantumi finestrini e parabrezza. Ma adesso sembra che qualcosa stia cambiando. Almeno nei rendering. Ed in piazzetta Carlo Levi, a fare da &#8220;cuscinetto&#8221; tra lo sballo e le civili abitazioni, dovrebbe sorgere, appunto, un piccolo parco giochi.<\/p>\n\n\n\n<p>Dopo l\u2019incontro pubblico di sabato scorso, a palazzo di citt\u00e0, la Giunta comunale ha approvato il progetto esecutivo di rigenerazione del quartiere degli alloggi ex IACP compresi tra Via Gonzaga e il Viale Amendola e la rifunzionalizzazione di Piazza Carlo Levi. L\u2019incontro, fortemente voluto dall\u2019Assessore ai Lavori Pubblici e all\u2019Urbanistica Salvatore Marisei, \u00e8 stato l\u2019occasione per presentare il progetto ai residenti del quartiere e accogliere suggerimenti prima della sua definitiva approvazione e dell\u2019avvio della gara d\u2019appalto.<\/p>\n\n\n\n<p>Il progetto, prevede una riqualificazione complessiva del quartiere ed il ridisegno di piazza Carlo Levi dove nascer\u00e0 un nuovo parco giochi.<\/p>\n\n\n\n<p>\u00ab\u00c8 stato un momento importante di ascolto dei cittadini \u2013 ha dichiarato l\u2019Assessore \u2013 le osservazioni presentate, infatti, sono state in gran parte condivise e saranno oggetto di \u2018migliorie\u2019 richieste in fase di gara alle ditte offerenti. Particolarmente interessanti le proposte per aumentare la sicurezza con l\u2019installazione di ulteriori telecamere, l\u2019aumento dei punti luce ed una riorganizzazione degli spazi verdi\u00bb.<\/p>\n\n\n\n<figure class=\"wp-block-gallery has-nested-images columns-default is-cropped wp-block-gallery-1 is-layout-flex wp-block-gallery-is-layout-flex\">\n<figure class=\"wp-block-image size-large\"><img loading=\"lazy\" decoding=\"async\" width=\"1024\" height=\"576\" data-id=\"8554\" src=\"https:\/\/ilgiornaledieboli.it\/wp-content\/uploads\/2024\/10\/IMG-20241031-WA0001-1024x576.jpg\" alt=\"\" class=\"wp-image-8554\" srcset=\"https:\/\/ilgiornaledieboli.it\/wp-content\/uploads\/2024\/10\/IMG-20241031-WA0001-1024x576.jpg 1024w, https:\/\/ilgiornaledieboli.it\/wp-content\/uploads\/2024\/10\/IMG-20241031-WA0001-300x169.jpg 300w, https:\/\/ilgiornaledieboli.it\/wp-content\/uploads\/2024\/10\/IMG-20241031-WA0001-768x432.jpg 768w, https:\/\/ilgiornaledieboli.it\/wp-content\/uploads\/2024\/10\/IMG-20241031-WA0001-1536x864.jpg 1536w, https:\/\/ilgiornaledieboli.it\/wp-content\/uploads\/2024\/10\/IMG-20241031-WA0001.jpg 1600w\" sizes=\"auto, (max-width: 1024px) 100vw, 1024px\" \/><\/figure>\n<\/figure>\n\n\n\n<p>Il progetto prevede il rifacimento di tutti i marciapiedi e la sistemazione della viabilit\u00e0, con l\u2019eliminazione delle barriere architettoniche, il ridisegno delle aiuole con il riordino di tutti i parcheggi, che aumenteranno di circa 10 unit\u00e0 rispetto ai circa sessanta presenti, il potenziamento della pubblica illuminazione. Nel complesso migliorer\u00e0 l\u2019accessibilit\u00e0 e la circolazione veicolare, senza costituire pericolo per i pedoni, e la vivibilit\u00e0 di tutto il quartiere che avr\u00e0 anche un importante infrastruttura per il tempo libero nella vicina piazza Carlo Levi.<\/p>\n\n\n\n<p>In piazza Carlo Levi, grazie alla sistemazione del verde esistente, oggi poco fruibile, nascer\u00e0 un nuovo parco giochi, eliminando tutte le zone d\u2019ombra. Nuovi punti luce e telecamere garantiranno una maggiore sicurezza, specie nelle ore serali e notturne.<\/p>\n\n\n\n<p>Nel complesso, l\u2019opera coster\u00e0 poco pi\u00f9 di 630mila euro, con un cronoprogramma dei lavori di circa sei mesi.<\/p>\n\n\n\n<p>\u00abCon questo intervento continua il programma di rigenerazione complessivo della citt\u00e0 di Eboli, questa volta con un occhio particolare al decoro del centro cittadino e alle esigenze dei pi\u00f9 piccoli che avranno un nuovo parco giochi all\u2019ingresso del viale Amendola \u2013 dichiara il Sindaco Mario Conte \u2013 Aumentare gli spazi fruibili e sicuri per i bambini e le famiglie \u00e8 uno degli obiettivi prioritari dell\u2019Amministrazione\u00bb.<\/p>\n","protected":false},"excerpt":{"rendered":"<p>L&#8217;idea \u00e8 quella di realizzare un parco giochi l\u00e0 dove si sono create &#8220;zone d&#8217;ombra&#8221; poco visibili, di sera usate come fumeria di hashish e marijuana. Gli effluvi giungono fino alle palazzine retrostanti dove abitano famiglie alla vecchia maniera e, soprattutto in estate, quando si lasciano aperte le finestre, nei salotti e nelle cucine entra [&hellip;]<\/p>\n","protected":false},"author":5,"featured_media":8555,"comment_status":"open","ping_status":"open","sticky":false,"template":"","format":"standard","meta":{"footnotes":""},"categories":[11,4],"tags":[28,40,5,38,1190,1191,145],"class_list":["post-8553","post","type-post","status-publish","format-standard","has-post-thumbnail","hentry","category-attualita","category-news","tag-attualita","tag-comune-di-eboli","tag-eboli","tag-mario-conte","tag-piazza-carlo-levi","tag-rifunzionalizzazione","tag-salvatoremarisei"],"_links":{"self":[{"href":"https:\/\/ilgiornaledieboli.it\/index.php\/wp-json\/wp\/v2\/posts\/8553","targetHints":{"allow":["GET"]}}],"collection":[{"href":"https:\/\/ilgiornaledieboli.it\/index.php\/wp-json\/wp\/v2\/posts"}],"about":[{"href":"https:\/\/ilgiornaledieboli.it\/index.php\/wp-json\/wp\/v2\/types\/post"}],"author":[{"embeddable":true,"href":"https:\/\/ilgiornaledieboli.it\/index.php\/wp-json\/wp\/v2\/users\/5"}],"replies":[{"embeddable":true,"href":"https:\/\/ilgiornaledieboli.it\/index.php\/wp-json\/wp\/v2\/comments?post=8553"}],"version-history":[{"count":0,"href":"https:\/\/ilgiornaledieboli.it\/index.php\/wp-json\/wp\/v2\/posts\/8553\/revisions"}],"wp:featuredmedia":[{"embeddable":true,"href":"https:\/\/ilgiornaledieboli.it\/index.php\/wp-json\/wp\/v2\/media\/8555"}],"wp:attachment":[{"href":"https:\/\/ilgiornaledieboli.it\/index.php\/wp-json\/wp\/v2\/media?parent=8553"}],"wp:term":[{"taxonomy":"category","embeddable":true,"href":"https:\/\/ilgiornaledieboli.it\/index.php\/wp-json\/wp\/v2\/categories?post=8553"},{"taxonomy":"post_tag","embeddable":true,"href":"https:\/\/ilgiornaledieboli.it\/index.php\/wp-json\/wp\/v2\/tags?post=8553"}],"curies":[{"name":"wp","href":"https:\/\/api.w.org\/{rel}","templated":true}]}}