{"id":7855,"date":"2024-09-26T16:35:14","date_gmt":"2024-09-26T14:35:14","guid":{"rendered":"https:\/\/ilgiornaledieboli.it\/?p=7855"},"modified":"2024-09-26T17:14:13","modified_gmt":"2024-09-26T15:14:13","slug":"parte-il-30-settembre-il-servizio-di-mensa-scolastica","status":"publish","type":"post","link":"https:\/\/ilgiornaledieboli.it\/index.php\/2024\/09\/26\/parte-il-30-settembre-il-servizio-di-mensa-scolastica\/","title":{"rendered":"Parte il 30 settembre il servizio di mensa scolastica."},"content":{"rendered":"\n<p><br>Partir\u00e0 il 30 settembre il servizio di mensa scolastica negli istituti comprensivi del Comune di Eboli.<br>Il nuovo servizio mensa sar\u00e0 gestito da un\u2019ATI composta da REM SRL, con sede in Salerno e NOI SOCIETA&#8217; COOPERATIVA SOCIALE, con sede in Montecorvino Pugliano. L\u2019 aggiudicazione \u00e8 per i prossimi tre anni scolastici. Intanto la Giunta sta lavorando ad un possibile abbassamento delle tariffe.<br>Il Comune ha richiesto specifiche garanzie circa la tracciabilit\u00e0 dei prodotti alimentari, la fornitura di pasti composti principalmente da alimenti provenienti da agricoltura e allevamenti biologici, la vicinanza del centro di cottura alle sedi scolastiche.<br>In particolare agli alunni che usufruiranno della mensa verr\u00e0 fornito un kit personale formato da una box ermeticamente richiudibile che garantir\u00e0 un utilizzo personalizzato. Non vi sar\u00e0 dunque la produzione di rifiuti plastici e si eviter\u00e0 che usando piatti biodegradabili questi possano alterarsi con il calore dei pasti.<br>Il servizio di trasporto scolastico, invece, aggiudicato alla ditta Palmentieri sempre per il triennio scolastico 2024-2027, prender\u00e0 il via il 7 ottobre.<br>L\u2019Amministrazione comunale, optando per due appalti triennali, potr\u00e0 cos\u00ec garantire un servizio regolare e senza ritardi.<br>\u00abAbbiamo deciso di seguire procedure che potranno fornire ai nostri studenti qualit\u00e0 e continuit\u00e0 \u2013 ha spiegato il Sindaco Mario Conte \u2013 con due gare organizzate dai nostri uffici e gestite dalla Cuc Sele Picentini con garanzie di ottimizzazione dei servizi\u00bb.<br>\u00abSoprattutto per la mensa scolastica \u2013 ha aggiunto l\u2019Assessore alle Politiche Scolastiche Katia Cennamo \u2013 abbiamo voluto assicurarci la bont\u00e0 e la genuinit\u00e0 dei pasti che saranno somministrati nelle scuole. Vigileremo perch\u00e9 tutto proceda al meglio e non ci siano pi\u00f9 preoccupazioni o lamentele da parte dei genitori. Sull\u2019uso del nuovo kit gli operatori forniranno tutti i chiarimenti direttamente nelle scuole\u00bb.<\/p>\n","protected":false},"excerpt":{"rendered":"<p>Partir\u00e0 il 30 settembre il servizio di mensa scolastica negli istituti comprensivi del Comune di Eboli.Il nuovo servizio mensa sar\u00e0 gestito da un\u2019ATI composta da REM SRL, con sede in Salerno e NOI SOCIETA&#8217; COOPERATIVA SOCIALE, con sede in Montecorvino Pugliano. L\u2019 aggiudicazione \u00e8 per i prossimi tre anni scolastici. Intanto la Giunta sta lavorando [&hellip;]<\/p>\n","protected":false},"author":2,"featured_media":7856,"comment_status":"open","ping_status":"open","sticky":false,"template":"","format":"standard","meta":{"footnotes":""},"categories":[11,10,4],"tags":[28,40,5,294,38,1090,44],"class_list":["post-7855","post","type-post","status-publish","format-standard","has-post-thumbnail","hentry","category-attualita","category-cronaca","category-news","tag-attualita","tag-comune-di-eboli","tag-eboli","tag-katia-cennamo","tag-mario-conte","tag-mensa-scolastica","tag-scuola"],"_links":{"self":[{"href":"https:\/\/ilgiornaledieboli.it\/index.php\/wp-json\/wp\/v2\/posts\/7855","targetHints":{"allow":["GET"]}}],"collection":[{"href":"https:\/\/ilgiornaledieboli.it\/index.php\/wp-json\/wp\/v2\/posts"}],"about":[{"href":"https:\/\/ilgiornaledieboli.it\/index.php\/wp-json\/wp\/v2\/types\/post"}],"author":[{"embeddable":true,"href":"https:\/\/ilgiornaledieboli.it\/index.php\/wp-json\/wp\/v2\/users\/2"}],"replies":[{"embeddable":true,"href":"https:\/\/ilgiornaledieboli.it\/index.php\/wp-json\/wp\/v2\/comments?post=7855"}],"version-history":[{"count":0,"href":"https:\/\/ilgiornaledieboli.it\/index.php\/wp-json\/wp\/v2\/posts\/7855\/revisions"}],"wp:featuredmedia":[{"embeddable":true,"href":"https:\/\/ilgiornaledieboli.it\/index.php\/wp-json\/wp\/v2\/media\/7856"}],"wp:attachment":[{"href":"https:\/\/ilgiornaledieboli.it\/index.php\/wp-json\/wp\/v2\/media?parent=7855"}],"wp:term":[{"taxonomy":"category","embeddable":true,"href":"https:\/\/ilgiornaledieboli.it\/index.php\/wp-json\/wp\/v2\/categories?post=7855"},{"taxonomy":"post_tag","embeddable":true,"href":"https:\/\/ilgiornaledieboli.it\/index.php\/wp-json\/wp\/v2\/tags?post=7855"}],"curies":[{"name":"wp","href":"https:\/\/api.w.org\/{rel}","templated":true}]}}