{"id":7538,"date":"2024-09-15T10:07:04","date_gmt":"2024-09-15T08:07:04","guid":{"rendered":"https:\/\/ilgiornaledieboli.it\/?p=7538"},"modified":"2024-09-15T10:07:04","modified_gmt":"2024-09-15T08:07:04","slug":"lebolitana-1925-in-quel-di-apice-diretta-streaming-su-radioeboli1","status":"publish","type":"post","link":"https:\/\/ilgiornaledieboli.it\/index.php\/2024\/09\/15\/lebolitana-1925-in-quel-di-apice-diretta-streaming-su-radioeboli1\/","title":{"rendered":"L&#8217;Ebolitana 1925 in quel di Apice. Diretta streaming su RadioEboli1"},"content":{"rendered":"\n<p>Questo pomeriggio allo Stadio &#8220;Perriello-Zampelli&#8221; di Apice (Benevento), l&#8217;Ebolitana Calcio 1925 scender\u00e0 in campo contro l&#8217;Apice Calcio 1964. Gara molto ostica quella che aspetta la compagine di mister Ciro De Cesare, i sanniti vengono da tre vittorie consecutive, due in coppa e una in campionato ottenuta domenica scorsa sul campo della Calpazio. I biancazzurri cercano il primo risultato utile della stagione per rilanciarsi. L&#8217;inizio della gara \u00e8 previsto alle ore 15:30. La societ\u00e0 beneventana ha dato la disponibilit\u00e0 di 70 biglietti per i  tifosi biancazzurri, non di pi\u00f9 per via del ristretto settore ospite dello stadio. Per chi non potesse raggiungere Apice questo pomeriggio potr\u00e0 comunque seguire la gara in diretta streaming sulla pagina Facebook di RadioEboli1 a partire dalle 15:30. In diretta da Apice ci saranno Damiano Coppola e Giuseppe Seven Petillo.<\/p>\n","protected":false},"excerpt":{"rendered":"<p>Questo pomeriggio allo Stadio &#8220;Perriello-Zampelli&#8221; di Apice (Benevento), l&#8217;Ebolitana Calcio 1925 scender\u00e0 in campo contro l&#8217;Apice Calcio 1964. Gara molto ostica quella che aspetta la compagine di mister Ciro De Cesare, i sanniti vengono da tre vittorie consecutive, due in coppa e una in campionato ottenuta domenica scorsa sul campo della Calpazio. I biancazzurri cercano [&hellip;]<\/p>\n","protected":false},"author":8,"featured_media":7539,"comment_status":"open","ping_status":"open","sticky":false,"template":"","format":"standard","meta":{"footnotes":""},"categories":[4,1],"tags":[924,1017,1019,933,5,192,995],"class_list":["post-7538","post","type-post","status-publish","format-standard","has-post-thumbnail","hentry","category-news","category-sport","tag-apice","tag-apice-calcio","tag-benevento","tag-ciro-de-cesare","tag-eboli","tag-ebolitana-calcio-1925","tag-eccellenza-campana"],"_links":{"self":[{"href":"https:\/\/ilgiornaledieboli.it\/index.php\/wp-json\/wp\/v2\/posts\/7538","targetHints":{"allow":["GET"]}}],"collection":[{"href":"https:\/\/ilgiornaledieboli.it\/index.php\/wp-json\/wp\/v2\/posts"}],"about":[{"href":"https:\/\/ilgiornaledieboli.it\/index.php\/wp-json\/wp\/v2\/types\/post"}],"author":[{"embeddable":true,"href":"https:\/\/ilgiornaledieboli.it\/index.php\/wp-json\/wp\/v2\/users\/8"}],"replies":[{"embeddable":true,"href":"https:\/\/ilgiornaledieboli.it\/index.php\/wp-json\/wp\/v2\/comments?post=7538"}],"version-history":[{"count":0,"href":"https:\/\/ilgiornaledieboli.it\/index.php\/wp-json\/wp\/v2\/posts\/7538\/revisions"}],"wp:featuredmedia":[{"embeddable":true,"href":"https:\/\/ilgiornaledieboli.it\/index.php\/wp-json\/wp\/v2\/media\/7539"}],"wp:attachment":[{"href":"https:\/\/ilgiornaledieboli.it\/index.php\/wp-json\/wp\/v2\/media?parent=7538"}],"wp:term":[{"taxonomy":"category","embeddable":true,"href":"https:\/\/ilgiornaledieboli.it\/index.php\/wp-json\/wp\/v2\/categories?post=7538"},{"taxonomy":"post_tag","embeddable":true,"href":"https:\/\/ilgiornaledieboli.it\/index.php\/wp-json\/wp\/v2\/tags?post=7538"}],"curies":[{"name":"wp","href":"https:\/\/api.w.org\/{rel}","templated":true}]}}