{"id":7278,"date":"2024-09-06T16:44:37","date_gmt":"2024-09-06T14:44:37","guid":{"rendered":"https:\/\/ilgiornaledieboli.it\/?p=7278"},"modified":"2024-09-06T22:29:49","modified_gmt":"2024-09-06T20:29:49","slug":"luca-altamura-e-un-nuovo-calciatore-dellebolitana-calcio1925","status":"publish","type":"post","link":"https:\/\/ilgiornaledieboli.it\/index.php\/2024\/09\/06\/luca-altamura-e-un-nuovo-calciatore-dellebolitana-calcio1925\/","title":{"rendered":"Luca Altamura \u00e8 un nuovo calciatore dell&#8217;Ebolitana Calcio 1925"},"content":{"rendered":"\n<p>A due giorni dall&#8217;inizio del campionato di eccellenza, arriva un nuovo rinforzo per l&#8217;Ebolitana. <\/p>\n\n\n\n<p>Agli ordini di mister Ciro De Cesare arriva Luca Altamura, giovane talento classe 2006, che si unisce alla squadra come terzino destro. Quindi un altro rinforzo per il reparto difensivo della compagine biancazzurra.<\/p>\n\n\n\n<p>Altamura ha mosso i primi passi nel calcio a livello giovanile con le maglie dell\u2019Under 15 e Under 16 della Salernitana, ha successivamente continuato il suo percorso in Serie D con la maglia della Gelbison.<\/p>\n\n\n\n<p>Il responsabile del settore giovanile della Gelbison, Giovanni Piemonte, con Antonio Martellone, presidente del settore giovanile, hanno contribuito in maniera decisiva all&#8217;accordo del calciatore con l&#8217;Ebolitana. <\/p>\n\n\n\n<p>Quindi ancora un giovane per l&#8217;Ebolitana, che si aggiunge ai tanti gi\u00e0 in organico, la societ\u00e0 continua quindi a lavorare in ottica futura dando ancora pi\u00f9 spazio alle nuove leve.<\/p>\n\n\n\n<p>Il calciatore si \u00e8 aggregato alla squadra iniziando gi\u00e0 a lavorare con i nuovi compagni e sar\u00e0 molto probabilmente gi\u00e0 a disposizione del mister per domenica prossima, dove l&#8217;Ebolitana esordir\u00e0 in campionato al cospetto dei Rossoblu Castel San Giorgio, gara che si prospetta molto avvincente. Quindi l&#8217;appuntamento \u00e8 per domenica allo Stadio Jose Guimaraes Dirceu con fischio d&#8217;inizio alle 15:30. <\/p>\n","protected":false},"excerpt":{"rendered":"<p>A due giorni dall&#8217;inizio del campionato di eccellenza, arriva un nuovo rinforzo per l&#8217;Ebolitana. Agli ordini di mister Ciro De Cesare arriva Luca Altamura, giovane talento classe 2006, che si unisce alla squadra come terzino destro. Quindi un altro rinforzo per il reparto difensivo della compagine biancazzurra. Altamura ha mosso i primi passi nel calcio [&hellip;]<\/p>\n","protected":false},"author":8,"featured_media":7282,"comment_status":"open","ping_status":"open","sticky":false,"template":"","format":"standard","meta":{"footnotes":""},"categories":[4,1],"tags":[923,933,5,929,873,879,982,984,935,930,983],"class_list":["post-7278","post","type-post","status-publish","format-standard","has-post-thumbnail","hentry","category-news","category-sport","tag-castel-san-giorgio","tag-ciro-de-cesare","tag-eboli","tag-ebolitana-1925","tag-eccellenzacampana","tag-gelbison","tag-luca-altamura","tag-rossoblu","tag-salernitana","tag-stadio-dirceu","tag-vallo-della-lucania"],"_links":{"self":[{"href":"https:\/\/ilgiornaledieboli.it\/index.php\/wp-json\/wp\/v2\/posts\/7278","targetHints":{"allow":["GET"]}}],"collection":[{"href":"https:\/\/ilgiornaledieboli.it\/index.php\/wp-json\/wp\/v2\/posts"}],"about":[{"href":"https:\/\/ilgiornaledieboli.it\/index.php\/wp-json\/wp\/v2\/types\/post"}],"author":[{"embeddable":true,"href":"https:\/\/ilgiornaledieboli.it\/index.php\/wp-json\/wp\/v2\/users\/8"}],"replies":[{"embeddable":true,"href":"https:\/\/ilgiornaledieboli.it\/index.php\/wp-json\/wp\/v2\/comments?post=7278"}],"version-history":[{"count":0,"href":"https:\/\/ilgiornaledieboli.it\/index.php\/wp-json\/wp\/v2\/posts\/7278\/revisions"}],"wp:featuredmedia":[{"embeddable":true,"href":"https:\/\/ilgiornaledieboli.it\/index.php\/wp-json\/wp\/v2\/media\/7282"}],"wp:attachment":[{"href":"https:\/\/ilgiornaledieboli.it\/index.php\/wp-json\/wp\/v2\/media?parent=7278"}],"wp:term":[{"taxonomy":"category","embeddable":true,"href":"https:\/\/ilgiornaledieboli.it\/index.php\/wp-json\/wp\/v2\/categories?post=7278"},{"taxonomy":"post_tag","embeddable":true,"href":"https:\/\/ilgiornaledieboli.it\/index.php\/wp-json\/wp\/v2\/tags?post=7278"}],"curies":[{"name":"wp","href":"https:\/\/api.w.org\/{rel}","templated":true}]}}