{"id":6443,"date":"2024-08-07T13:35:30","date_gmt":"2024-08-07T11:35:30","guid":{"rendered":"https:\/\/ilgiornaledieboli.it\/?p=6443"},"modified":"2024-08-07T21:34:06","modified_gmt":"2024-08-07T19:34:06","slug":"le-notti-dellermice-le-notti-yangeboli-9-10-11-agosto-2024-il-programma","status":"publish","type":"post","link":"https:\/\/ilgiornaledieboli.it\/index.php\/2024\/08\/07\/le-notti-dellermice-le-notti-yangeboli-9-10-11-agosto-2024-il-programma\/","title":{"rendered":"\u201cLE NOTTI DELL\u2019ERMICE &#8211; LE NOTTI YANG\u201dEboli, 9-10-11 agosto 2024. Il programma"},"content":{"rendered":"\n<p>\u201cLE NOTTI DELL\u2019ERMICE &#8211; LE NOTTI YANG\u201dEboli, 9-10-11 agosto 2024 &#8211; Parco naturale dell\u2019Ermice &#8211; San Pietro alli Marmi<\/p>\n\n\n\n<p>Tre giorni di visite, percorsi, natura, storia,musica, teatro e gastronomia nella magia di un luogo incantato<\/p>\n\n\n\n<p>Torna a Eboli il 9-10-11 agosto, con la sua VII edizione, \u201cLe Notti dell\u2019Ermice \u2013 Le Notti Yang\u201d la tre giorni di visite, percorsi, natura, storia, musica, teatro e gastronomia nella magia di un luogo incantato. <\/p>\n\n\n\n<p>Organizzata dall&#8217;associazione &#8220;Briganti dell&#8217;Ermice&#8221;, in collaborazione con \u201cJevule vico vico\u201d, la manifestazione che vanta il patrocinio della Provincia di Salerno e del Comune di Eboli, trova nell&#8217;area dell&#8217;Ermice, interna al Parco Regionale dei Monti Picentini, il suo teatro spontaneo e naturale.<\/p>\n\n\n\n<p>E a poca distanza nell\u2019area del convento di San Pietro alli Marmi, per i pi\u00f9 giovani, grande attesa c\u2019\u00e8 per \u201cLe Notti Yang\u201d: contenitore dinamico in cui musica, parole, food&amp;beverage e panorama mozzafiato si fondono creando magia.<\/p>\n\n\n\n<p>Memoria dei luoghi, identit\u00e0 della comunit\u00e0 locale, ambiente e storia, insomma, per tre giorni a Eboli con \u201cLe Notti dell\u2019Ermice &#8211; Le Notti Yang\u201d musica, spettacolo ed intrattenimento e grande cura per l\u2019enogastronomia.<\/p>\n\n\n\n<p>Nell\u2019offerta culinaria, un ruolo d\u2019eccezione &#8211; con la preparazione di piatti tipici della tradizione &#8211; un posto d\u2019onore \u00e8 riservato al Ciauliello, inserito nei PAT Prodotti Agroalimentari Tradizionali e che nella cucina ebolitana conserva e custodisce memoria storica legata ai luoghi.<\/p>\n\n\n\n<p>IL PROGRAMMA TEATRO, MAGIA E MISTERO SI INTRECCIANO<\/p>\n\n\n\n<p>In un luogo incantato, dove la magia e il mistero si intrecciano, dove la natura, per fortuna, resta ancora incontaminata, lo Spettacolo teatrale itinerante ideato da &#8220;I Briganti dell&#8217;Ermice&#8221; e scritto per questa edizione da Raffaele Scocozza, attende solo di essere apprezzato e ammirato.<\/p>\n\n\n\n<p>Con il coordinamento di Annarita Corrado sono Amir Ameziane, Adil Ameziane, Angela Maresta, Anna Chiara Monaco, Arianna Carrat\u00f9, Danilo Carrat\u00fa, Rossella Rinauro, Emanuela Caiazzo, Siria Infante, Sara Baldassarre, Francesco Foglia, Luigi Ferrisi e Cosimina Cennamo a portare in scena uno spettacolo unico e originale.<\/p>\n\n\n\n<p>Ad arricchire e impreziosire il percorso e lo spettacolo, quest\u2019anno entrano in scena le fantastiche allieve della Maestra Rosa D\u2019Amato della scuola di danza RDA Underground Concept.<\/p>\n\n\n\n<p>Movimenti sinuosi e coreografie strutturate per l\u2019occasione sapranno affascinare i visitatori. <\/p>\n\n\n\n<p>MUSICA E PAROLE \u2013 TRA ERMICE E NOTTI YANG &#8211; Tre giorni di musica e parole per uno spettacolo che \u00e8 garantito.<\/p>\n\n\n\n<p>Start ore 20.30 VENERDI\u2019 9 AGOSTO ERMICE:<\/p>\n\n\n\n<p>I Tammorras\u00eca- Tornano a calcare il palco con i loro ritmi del Sud del mondo, la sinuosit\u00e0 dei passi semplici e delle danze, le voci che sono intense e lo spettacolo che \u00e8 garantito.<\/p>\n\n\n\n<p>NOTTI YANG: Antonio Saporito- Il suo \u00e8 un progetto nato nel 2020 e partendo dagli Alburni sviluppa il suo gusto musicale su un ritmo funky &amp; pop.<\/p>\n\n\n\n<p>La passione per il viaggio e l&#8217;imprevisto lo porter\u00e0 ad esplorare successivamente le varie possibilit\u00e0 di un sound \u2018Mediterraneo\u2019 che comunica col mondo respirando nuove correnti e incrociando nuove sponde. Suonatore errante, pendolare musicante<\/p>\n\n\n\n<p>SABATO 10 AGOSTO ERMICE: <\/p>\n\n\n\n<p>Wings Brothers &#8211; Band ebolitana che ha all\u2019attivo una serie di appuntamenti musicali di tutto rispetto. Ripercorrendo la musica Classic Rock Inglese \u201870 \u201880 \u201890+ accompagnano il pubblico in una escalation di emozioni e ricordi.<\/p>\n\n\n\n<p>NOTTI YANG: Tony Borlotti e i suoi Flauers- Si formano nel 1995. La missione \u00e8 quella di rivivere, con passione ed ironia, l\u2019epopea dei complessi beat italiani dei medi \u201960.  <\/p>\n\n\n\n<p>DOMENICA 11 AGOSTO ERMICE: <\/p>\n\n\n\n<p>Medina Band- Ritmi caldi e voci del Sud. Intrattenimento tra musica e parole. E la magia delle note che rende incredibile una serata magica.<\/p>\n\n\n\n<p>NOTTI YANG: Space Rascals: Skinner, Crocodile e MissUrti, un trio di amici dj che seleziona musica con un denominatore comune, la passione per il cult e le sonorit\u00e0 che hanno accompagnato la loro infanzia e adolescenza di Millennial cresciuti negli anni 90.<\/p>\n\n\n\n<p>SERVIZIO NAVETTA PIAZZA TITO FLAVIO SILVANO a\/r ERMICE Messo a disposizione dall\u2019associazione \u201cRoberto Cuomo Onlus\u201d il pulmino \u201cRobin Hood\u201d garantir\u00e0 alle persone con disabilit\u00e0 di poter raggiungere l\u2019area dell\u2019Ermice.<\/p>\n\n\n\n<p>Il servizio \u00e8 garantito dalle ore 20.00 alle ore 22.30. Andata e ritorno con partenza da Piazza Titolo Flavio Silvano, alle spalle di Palazzo di Citt\u00e0, tutte le sere.<\/p>\n\n\n\n<p>A partire dalle ore 19.30 e fino alle 23.00, inoltre, sempre da Piazza Tito Flavio Silvano per raggiungere l\u2019Ermice, andata e ritorno, sar\u00e0 disponibile anche il servizio navette della ditta Tg Travel Taglianetti.  <\/p>\n\n\n\n<p>CONSIGLI UTILI<\/p>\n\n\n\n<p>L\u2019invito che l&#8217;associazione &#8220;Briganti dell&#8217;Ermice&#8221; rivolge a tutti \u00e8 quello di raggiungere l\u2019Ermice possibilmente a piedi o di usufruire del servizio navette, per evitare problemi legati alla viabilit\u00e0. <\/p>\n\n\n\n<p>L\u2019area \u00e8 accessibile ai bambini e il percorso \u00e8 parzialmente accessibile anche per le persone con mobilit\u00e0 ridotta. Aree esterne al sentiero, area ristoro e main area totalmente praticabili.<\/p>\n\n\n\n<p>E\u2019 fortemente consigliato indossare calzature comode.<\/p>\n\n\n\n<p>La durata del percorso &#8211; spettacolo teatrale e installazione luminosa &#8211; \u00e8 di circa 30 minuti.<\/p>\n\n\n\n<p>La tre giorni ebolitana \u201cLe Notti dell\u2019Ermice \u2013 Le Notti Yang\u201d attende solo di essere vissuta.<\/p>\n\n\n\n<p>Le Notti dell\u2019Ermice \u2013 Le Notti Yang | Ufficio stampa e comunicazione | Inchiostro \u2013 idee e comunicazione &#8211; 347 6730309 &#8211; inchiostrocomunicazione@gmail.com  <\/p>\n\n\n\n<figure class=\"wp-block-gallery has-nested-images columns-default is-cropped wp-block-gallery-1 is-layout-flex wp-block-gallery-is-layout-flex\">\n<figure data-wp-context=\"{&quot;imageId&quot;:&quot;69f2748d856b1&quot;}\" data-wp-interactive=\"core\/image\" data-wp-key=\"69f2748d856b1\" class=\"wp-block-image size-large wp-lightbox-container\"><img loading=\"lazy\" decoding=\"async\" width=\"1024\" height=\"975\" data-wp-class--hide=\"state.isContentHidden\" data-wp-class--show=\"state.isContentVisible\" data-wp-init=\"callbacks.setButtonStyles\" data-wp-on--click=\"actions.showLightbox\" data-wp-on--load=\"callbacks.setButtonStyles\" data-wp-on-window--resize=\"callbacks.setButtonStyles\" data-id=\"6445\" src=\"https:\/\/ilgiornaledieboli.it\/wp-content\/uploads\/2024\/08\/1000079208-1024x975.jpg\" alt=\"\" class=\"wp-image-6445\" srcset=\"https:\/\/ilgiornaledieboli.it\/wp-content\/uploads\/2024\/08\/1000079208-1024x975.jpg 1024w, https:\/\/ilgiornaledieboli.it\/wp-content\/uploads\/2024\/08\/1000079208-300x286.jpg 300w, https:\/\/ilgiornaledieboli.it\/wp-content\/uploads\/2024\/08\/1000079208-768x731.jpg 768w, https:\/\/ilgiornaledieboli.it\/wp-content\/uploads\/2024\/08\/1000079208.jpg 1080w\" sizes=\"auto, (max-width: 1024px) 100vw, 1024px\" \/><button\n\t\t\tclass=\"lightbox-trigger\"\n\t\t\ttype=\"button\"\n\t\t\taria-haspopup=\"dialog\"\n\t\t\taria-label=\"Ingrandisci\"\n\t\t\tdata-wp-init=\"callbacks.initTriggerButton\"\n\t\t\tdata-wp-on--click=\"actions.showLightbox\"\n\t\t\tdata-wp-style--right=\"state.imageButtonRight\"\n\t\t\tdata-wp-style--top=\"state.imageButtonTop\"\n\t\t>\n\t\t\t<svg xmlns=\"http:\/\/www.w3.org\/2000\/svg\" width=\"12\" height=\"12\" fill=\"none\" viewBox=\"0 0 12 12\">\n\t\t\t\t<path fill=\"#fff\" d=\"M2 0a2 2 0 0 0-2 2v2h1.5V2a.5.5 0 0 1 .5-.5h2V0H2Zm2 10.5H2a.5.5 0 0 1-.5-.5V8H0v2a2 2 0 0 0 2 2h2v-1.5ZM8 12v-1.5h2a.5.5 0 0 0 .5-.5V8H12v2a2 2 0 0 1-2 2H8Zm2-12a2 2 0 0 1 2 2v2h-1.5V2a.5.5 0 0 0-.5-.5H8V0h2Z\" \/>\n\t\t\t<\/svg>\n\t\t<\/button><\/figure>\n\n\n\n<figure data-wp-context=\"{&quot;imageId&quot;:&quot;69f2748d85b71&quot;}\" data-wp-interactive=\"core\/image\" data-wp-key=\"69f2748d85b71\" class=\"wp-block-image size-large wp-lightbox-container\"><img loading=\"lazy\" decoding=\"async\" width=\"1024\" height=\"1006\" data-wp-class--hide=\"state.isContentHidden\" data-wp-class--show=\"state.isContentVisible\" data-wp-init=\"callbacks.setButtonStyles\" data-wp-on--click=\"actions.showLightbox\" data-wp-on--load=\"callbacks.setButtonStyles\" data-wp-on-window--resize=\"callbacks.setButtonStyles\" data-id=\"6444\" src=\"https:\/\/ilgiornaledieboli.it\/wp-content\/uploads\/2024\/08\/1000079206-1024x1006.jpg\" alt=\"\" class=\"wp-image-6444\" srcset=\"https:\/\/ilgiornaledieboli.it\/wp-content\/uploads\/2024\/08\/1000079206-1024x1006.jpg 1024w, https:\/\/ilgiornaledieboli.it\/wp-content\/uploads\/2024\/08\/1000079206-300x295.jpg 300w, https:\/\/ilgiornaledieboli.it\/wp-content\/uploads\/2024\/08\/1000079206-768x754.jpg 768w, https:\/\/ilgiornaledieboli.it\/wp-content\/uploads\/2024\/08\/1000079206.jpg 1080w\" sizes=\"auto, (max-width: 1024px) 100vw, 1024px\" \/><button\n\t\t\tclass=\"lightbox-trigger\"\n\t\t\ttype=\"button\"\n\t\t\taria-haspopup=\"dialog\"\n\t\t\taria-label=\"Ingrandisci\"\n\t\t\tdata-wp-init=\"callbacks.initTriggerButton\"\n\t\t\tdata-wp-on--click=\"actions.showLightbox\"\n\t\t\tdata-wp-style--right=\"state.imageButtonRight\"\n\t\t\tdata-wp-style--top=\"state.imageButtonTop\"\n\t\t>\n\t\t\t<svg xmlns=\"http:\/\/www.w3.org\/2000\/svg\" width=\"12\" height=\"12\" fill=\"none\" viewBox=\"0 0 12 12\">\n\t\t\t\t<path fill=\"#fff\" d=\"M2 0a2 2 0 0 0-2 2v2h1.5V2a.5.5 0 0 1 .5-.5h2V0H2Zm2 10.5H2a.5.5 0 0 1-.5-.5V8H0v2a2 2 0 0 0 2 2h2v-1.5ZM8 12v-1.5h2a.5.5 0 0 0 .5-.5V8H12v2a2 2 0 0 1-2 2H8Zm2-12a2 2 0 0 1 2 2v2h-1.5V2a.5.5 0 0 0-.5-.5H8V0h2Z\" \/>\n\t\t\t<\/svg>\n\t\t<\/button><\/figure>\n<\/figure>\n","protected":false},"excerpt":{"rendered":"<p>\u201cLE NOTTI DELL\u2019ERMICE &#8211; LE NOTTI YANG\u201dEboli, 9-10-11 agosto 2024 &#8211; Parco naturale dell\u2019Ermice &#8211; San Pietro alli Marmi Tre giorni di visite, percorsi, natura, storia,musica, teatro e gastronomia nella magia di un luogo incantato Torna a Eboli il 9-10-11 agosto, con la sua VII edizione, \u201cLe Notti dell\u2019Ermice \u2013 Le Notti Yang\u201d la tre [&hellip;]<\/p>\n","protected":false},"author":7,"featured_media":6444,"comment_status":"open","ping_status":"open","sticky":false,"template":"","format":"standard","meta":{"footnotes":""},"categories":[14,11,15,13,4],"tags":[5,829,611,830],"class_list":["post-6443","post","type-post","status-publish","format-standard","has-post-thumbnail","hentry","category-ambiente","category-attualita","category-cultura","category-eventi","category-news","tag-eboli","tag-ermice","tag-ermice-aps","tag-notti"],"_links":{"self":[{"href":"https:\/\/ilgiornaledieboli.it\/index.php\/wp-json\/wp\/v2\/posts\/6443","targetHints":{"allow":["GET"]}}],"collection":[{"href":"https:\/\/ilgiornaledieboli.it\/index.php\/wp-json\/wp\/v2\/posts"}],"about":[{"href":"https:\/\/ilgiornaledieboli.it\/index.php\/wp-json\/wp\/v2\/types\/post"}],"author":[{"embeddable":true,"href":"https:\/\/ilgiornaledieboli.it\/index.php\/wp-json\/wp\/v2\/users\/7"}],"replies":[{"embeddable":true,"href":"https:\/\/ilgiornaledieboli.it\/index.php\/wp-json\/wp\/v2\/comments?post=6443"}],"version-history":[{"count":0,"href":"https:\/\/ilgiornaledieboli.it\/index.php\/wp-json\/wp\/v2\/posts\/6443\/revisions"}],"wp:featuredmedia":[{"embeddable":true,"href":"https:\/\/ilgiornaledieboli.it\/index.php\/wp-json\/wp\/v2\/media\/6444"}],"wp:attachment":[{"href":"https:\/\/ilgiornaledieboli.it\/index.php\/wp-json\/wp\/v2\/media?parent=6443"}],"wp:term":[{"taxonomy":"category","embeddable":true,"href":"https:\/\/ilgiornaledieboli.it\/index.php\/wp-json\/wp\/v2\/categories?post=6443"},{"taxonomy":"post_tag","embeddable":true,"href":"https:\/\/ilgiornaledieboli.it\/index.php\/wp-json\/wp\/v2\/tags?post=6443"}],"curies":[{"name":"wp","href":"https:\/\/api.w.org\/{rel}","templated":true}]}}