{"id":5629,"date":"2024-07-08T17:25:33","date_gmt":"2024-07-08T15:25:33","guid":{"rendered":"https:\/\/ilgiornaledieboli.it\/?p=5629"},"modified":"2024-07-08T18:46:55","modified_gmt":"2024-07-08T16:46:55","slug":"la-potessa-angela-panaro-invita-tutti-nella-stanza-della-poesia","status":"publish","type":"post","link":"https:\/\/ilgiornaledieboli.it\/index.php\/2024\/07\/08\/la-potessa-angela-panaro-invita-tutti-nella-stanza-della-poesia\/","title":{"rendered":"La potessa Angela Panaro invita tutti nella Stanza della Poesia"},"content":{"rendered":"\n<p>Nel Centro Storico di Eboli, nella piazzetta Attrizzi, c&#8217;\u00e8 una piccola stanza  ( la Stanza della Poesia -ndr-) realizzata, su progetto dell&#8217;architetto Luca Bruno, dalla poetessa Angela Panaro, dove i poeti possono declamare i loro versi. &#8220;&#8230;Un luogo incantato, piazzetta Attrizzi, una porta rossa che illumina le menti e le coscienze&#8230; Questi sono gli ingredienti di una serie di eventi che si terranno nei mercoled\u00ec d&#8217;estate: letteratura, scrittrici e tante sorprese a cui poter partecipare gratuitamente. Io ci sar\u00f2 e spero anche voi.&#8221; Cos\u00ec si legge nell&#8217;invito: QUALCOSA IN UNA SERA D&#8217;ESTATE VOCI, SOGNI, AMORI, PASSIONI. Primo appuntamento, mercoled\u00ec 10 luglio 20.15- 22,15.<\/p>\n","protected":false},"excerpt":{"rendered":"<p>Nel Centro Storico di Eboli, nella piazzetta Attrizzi, c&#8217;\u00e8 una piccola stanza ( la Stanza della Poesia -ndr-) realizzata, su progetto dell&#8217;architetto Luca Bruno, dalla poetessa Angela Panaro, dove i poeti possono declamare i loro versi. &#8220;&#8230;Un luogo incantato, piazzetta Attrizzi, una porta rossa che illumina le menti e le coscienze&#8230; Questi sono gli ingredienti [&hellip;]<\/p>\n","protected":false},"author":2,"featured_media":5632,"comment_status":"open","ping_status":"open","sticky":false,"template":"","format":"standard","meta":{"footnotes":""},"categories":[15,13,4],"tags":[722,40,42,5,16,721],"class_list":["post-5629","post","type-post","status-publish","format-standard","has-post-thumbnail","hentry","category-cultura","category-eventi","category-news","tag-angela-panaro","tag-comune-di-eboli","tag-cultura","tag-eboli","tag-eventi","tag-stanza-della-poesia"],"_links":{"self":[{"href":"https:\/\/ilgiornaledieboli.it\/index.php\/wp-json\/wp\/v2\/posts\/5629","targetHints":{"allow":["GET"]}}],"collection":[{"href":"https:\/\/ilgiornaledieboli.it\/index.php\/wp-json\/wp\/v2\/posts"}],"about":[{"href":"https:\/\/ilgiornaledieboli.it\/index.php\/wp-json\/wp\/v2\/types\/post"}],"author":[{"embeddable":true,"href":"https:\/\/ilgiornaledieboli.it\/index.php\/wp-json\/wp\/v2\/users\/2"}],"replies":[{"embeddable":true,"href":"https:\/\/ilgiornaledieboli.it\/index.php\/wp-json\/wp\/v2\/comments?post=5629"}],"version-history":[{"count":0,"href":"https:\/\/ilgiornaledieboli.it\/index.php\/wp-json\/wp\/v2\/posts\/5629\/revisions"}],"wp:featuredmedia":[{"embeddable":true,"href":"https:\/\/ilgiornaledieboli.it\/index.php\/wp-json\/wp\/v2\/media\/5632"}],"wp:attachment":[{"href":"https:\/\/ilgiornaledieboli.it\/index.php\/wp-json\/wp\/v2\/media?parent=5629"}],"wp:term":[{"taxonomy":"category","embeddable":true,"href":"https:\/\/ilgiornaledieboli.it\/index.php\/wp-json\/wp\/v2\/categories?post=5629"},{"taxonomy":"post_tag","embeddable":true,"href":"https:\/\/ilgiornaledieboli.it\/index.php\/wp-json\/wp\/v2\/tags?post=5629"}],"curies":[{"name":"wp","href":"https:\/\/api.w.org\/{rel}","templated":true}]}}