{"id":4975,"date":"2024-06-16T17:07:02","date_gmt":"2024-06-16T15:07:02","guid":{"rendered":"https:\/\/ilgiornaledieboli.it\/?p=4975"},"modified":"2024-06-16T19:13:38","modified_gmt":"2024-06-16T17:13:38","slug":"non-esistono-due-juventus-club","status":"publish","type":"post","link":"https:\/\/ilgiornaledieboli.it\/index.php\/2024\/06\/16\/non-esistono-due-juventus-club\/","title":{"rendered":"NON ESISTONO DUE JUVENTUS CLUB!"},"content":{"rendered":"\n<p>riceviamo e pubblichiamo <\/p>\n\n\n\n<p>In questi giorni siamo stati contattati pi\u00f9 volte da pi\u00f9 persone riguardo a un evento pubblicizzato da \u201cun\u2019associazione \u201c che si nasconde dietro tale appellativo perch\u00e9 non pu\u00f2 definirsi per quello che \u00e8 il loro \u201cvero\u201d intento.<br>Ebbene, nonostante spesso noi dello JOFC Eboli veniamo accostati a loro, ci teniamo a prendere le distanze in quanto per fare un CLUB, ci sono dei parametri e delle regole da rispettare.<br>Una di queste \u00e8 che non possono esserci due club (o sezioni) nello stesso territorio, pertanto le varie affiliazioni a club campani con il solo scopo di elemosinare qualche biglietto stadio resta una grave mancanza di rispetto delle normative che regolamentano lo statuto dei JOFC.<br>Gli eventi vanno autorizzati, e siamo venuti a conoscenza che tale manifestazione con presenza di \u201cospite d\u2019onore\u201d non \u00e8 stata autorizzata dal Centro Coordinamento, ergo, un invito del tutto \u201cabusivo\u201d con il solo scopo di fare una Campagna acquisti, infatti lo stesso ospite (nonch\u00e9 ex coordinatore JOFC nazionale) era all\u2019oscuro di tutto.<br>Noi dello JOFC EBOLI siamo del tutto estranei a queste vicende, in quanto sempre rispettosi di ogni singola regola che porta avanti questa nostra avventura , alla quale teniamo tanto e per la quale lottiamo tutti i giorni per far capire alle persone i sacrifici e le dovute differenze con coloro che abusivamente sfruttano il movimento Club.<br>La nostra non \u00e8, e non sar\u00e0 mai una battaglia contro nessuno, le nostre porte sono aperte a tutti coloro che vorranno essere partecipi di un progetto, senza nascondersi dietro nomenclature varie, LA JUVE \u00c8 LA JUVE, e a Eboli<br>LA JUVE SIAMO NOI<\/p>\n","protected":false},"excerpt":{"rendered":"<p>riceviamo e pubblichiamo In questi giorni siamo stati contattati pi\u00f9 volte da pi\u00f9 persone riguardo a un evento pubblicizzato da \u201cun\u2019associazione \u201c che si nasconde dietro tale appellativo perch\u00e9 non pu\u00f2 definirsi per quello che \u00e8 il loro \u201cvero\u201d intento.Ebbene, nonostante spesso noi dello JOFC Eboli veniamo accostati a loro, ci teniamo a prendere le [&hellip;]<\/p>\n","protected":false},"author":2,"featured_media":4978,"comment_status":"open","ping_status":"open","sticky":false,"template":"","format":"standard","meta":{"footnotes":""},"categories":[11,4,1],"tags":[28,8,40,5,656,655,70],"class_list":["post-4975","post","type-post","status-publish","format-standard","has-post-thumbnail","hentry","category-attualita","category-news","category-sport","tag-attualita","tag-calcio","tag-comune-di-eboli","tag-eboli","tag-juventus-official-fan-club","tag-juvenus","tag-sport"],"_links":{"self":[{"href":"https:\/\/ilgiornaledieboli.it\/index.php\/wp-json\/wp\/v2\/posts\/4975","targetHints":{"allow":["GET"]}}],"collection":[{"href":"https:\/\/ilgiornaledieboli.it\/index.php\/wp-json\/wp\/v2\/posts"}],"about":[{"href":"https:\/\/ilgiornaledieboli.it\/index.php\/wp-json\/wp\/v2\/types\/post"}],"author":[{"embeddable":true,"href":"https:\/\/ilgiornaledieboli.it\/index.php\/wp-json\/wp\/v2\/users\/2"}],"replies":[{"embeddable":true,"href":"https:\/\/ilgiornaledieboli.it\/index.php\/wp-json\/wp\/v2\/comments?post=4975"}],"version-history":[{"count":0,"href":"https:\/\/ilgiornaledieboli.it\/index.php\/wp-json\/wp\/v2\/posts\/4975\/revisions"}],"wp:featuredmedia":[{"embeddable":true,"href":"https:\/\/ilgiornaledieboli.it\/index.php\/wp-json\/wp\/v2\/media\/4978"}],"wp:attachment":[{"href":"https:\/\/ilgiornaledieboli.it\/index.php\/wp-json\/wp\/v2\/media?parent=4975"}],"wp:term":[{"taxonomy":"category","embeddable":true,"href":"https:\/\/ilgiornaledieboli.it\/index.php\/wp-json\/wp\/v2\/categories?post=4975"},{"taxonomy":"post_tag","embeddable":true,"href":"https:\/\/ilgiornaledieboli.it\/index.php\/wp-json\/wp\/v2\/tags?post=4975"}],"curies":[{"name":"wp","href":"https:\/\/api.w.org\/{rel}","templated":true}]}}