{"id":4970,"date":"2024-06-16T09:25:49","date_gmt":"2024-06-16T07:25:49","guid":{"rendered":"https:\/\/ilgiornaledieboli.it\/?p=4970"},"modified":"2024-06-16T19:14:05","modified_gmt":"2024-06-16T17:14:05","slug":"eboli-autorita-urbana-14-milioni-dai-prius","status":"publish","type":"post","link":"https:\/\/ilgiornaledieboli.it\/index.php\/2024\/06\/16\/eboli-autorita-urbana-14-milioni-dai-prius\/","title":{"rendered":"Eboli Autorit\u00e0 Urbana, 14 MILIONI DAI PRIUS."},"content":{"rendered":"\n<p><\/p>\n\n\n\n<p>Ad Eboli oltre 14 milioni di euro dai fondi Prius<br>Eboli rafforza il suo ruolo di citt\u00e0 \u201cpolo\u201d, punto di riferimento di un territorio vasto che abbraccia significativi comuni della piana del Sele, del Cilento, del Diano, ma anche di altre province e regioni limitrofe.<br>La conferma arriva dall\u2019ISTAT che, nell\u2019ambito del \u201cProgetto sulla misurazione statistica territoriale\u201d a valere sul PON Governance 14-20, con il supporto metodologico del NUVAP (Dipartimento per le Politiche di Coesione) e del NUVEC (Agenzia per la Coesione Territoriale) ha aggiornato la Mappa Aree Interne 2020 individuando le \u2018Citt\u00e0 Polo\u2019, ovvero quelle citt\u00e0 che svolgono un ruolo chiave nella erogazione di servizi a numerosi comuni ordinati, a loro volta, in quattro fasce (Cintura, Intermedi, Periferici, Ultraperiferici) a seconda della distanza chilometrica e dei tempi di percorrenza.<br>Una conferma che porta con s\u00e9 un maxi finanziamento della Regione Campania di oltre 14 milioni di euro (\u20ac 14.239.924,23) a valere sul Programma Regionale FESR 2021-2027, nel quale un ruolo rilevante \u00e8 riconosciuto alle strategie territoriali, cui \u00e8 dedicata la Priorit\u00e0 5 (Os 5.1), in particolare l\u2019azione 5.1.1 destinata alle citt\u00e0 medie e ai poli urbani.<br>Sono le risorse del P.R.I.U.S. (Programma di rigenerazione integrata urbana e sostenibile) che hanno l\u2019obiettivo di promuovere lo sviluppo sociale, economico e ambientale integrato e inclusivo, la cultura, il patrimonio naturale, il turismo sostenibile e la sicurezza nelle aree urbane.<br>Con Eboli, sulla scorta dell\u2019aggiornamento della Mappa Aree Interne 2020, sono state selezionate solo altre tre citt\u00e0 della Campania con popolazione inferiore ai 50mila abitanti.<br>I criteri alla base dell\u2019inserimento di Eboli nell\u2019elenco delle \u2018Citt\u00e0 Polo\u2019, beneficiarie in Campania dei fondi P.R.I.U.S. del PR FERS 2021-2027, sono diversi: il ruolo strategico della citt\u00e0 come punto di riferimento per un\u2019area pi\u00f9 vasta in quanto nodo di una rete policentrica, la presenza di servizi sanitari e sociali, la presenza di servizi per la mobilit\u00e0 su ferro e gomma, la presenza di un sistema di istruzione superiore qualificato per numero e indirizzi di studio ed il ruolo di traino della citt\u00e0 nello sviluppo economico del territorio, sia urbano che circostante.<br>Insomma per la propria \u201cstoria, la tradizione, le produzioni e la localizzazione di servizi superiori\u201d come si legge nei documenti di programmazione nazionali e regionali.<br>Il riconoscimento dei fondi, avvenuto con Delibera di Giunta Regionale della Campania n. 259 del 30\/05\/2024, \u00e8 il primo passo che prelude alla individuazione di Eboli come \u2018Autorit\u00e0 Urbana\u2019 e \u2018Organismo Intermedio\u2019 e alla sottoscrizione dell\u2019Accordo di programma con la Regione Campania che presieder\u00e0 una Cabina di Regia seguendo da vicino l\u2019attuazione degli interventi una volta programmati.<br>\u00abInizia un percorso tecnico-amministrativo complesso e articolato &#8211; dichiara l\u2019Assessore Salvatore Marisei &#8211; per consolidare il ruolo della citt\u00e0 di Eboli in un vasto comprensorio e programmare lo sviluppo di infrastrutture e servizi di rango superiore con lo sguardo rivolto all\u2019esterno dei confini comunali. Una sfida che interesser\u00e0 tutti i settori dell\u2019Ente che dovranno concertare l\u2019approccio strategico e la fase operativa di programmazione e sviluppo degli interventi\u00bb.<br>Soddisfazione espressa anche dal Sindaco Mario Conte: \u00abE\u2019 la Citt\u00e0 del Sele che prende sempre pi\u00f9 corpo, una politica ed un programma che gode ora di un finanziamento specifico e che proietta Eboli verso pi\u00f9 alti traguardi. Intensificheremo gli sforzi per porre le basi per un futuro sempre pi\u00f9 roseo, con umilt\u00e0, apertura al confronto e spirito di servizio, principi che contraddistinguono da sempre il nostro operato\u00bb.<\/p>\n\n\n\n<figure class=\"wp-block-gallery has-nested-images columns-default is-cropped wp-block-gallery-1 is-layout-flex wp-block-gallery-is-layout-flex\">\n<figure class=\"wp-block-image size-large\"><img loading=\"lazy\" decoding=\"async\" width=\"1024\" height=\"569\" data-id=\"4971\" src=\"https:\/\/ilgiornaledieboli.it\/wp-content\/uploads\/2024\/06\/Screenshot_20240408_162725_Google-1024x569.jpg\" alt=\"\" class=\"wp-image-4971\" srcset=\"https:\/\/ilgiornaledieboli.it\/wp-content\/uploads\/2024\/06\/Screenshot_20240408_162725_Google-1024x569.jpg 1024w, https:\/\/ilgiornaledieboli.it\/wp-content\/uploads\/2024\/06\/Screenshot_20240408_162725_Google-300x167.jpg 300w, https:\/\/ilgiornaledieboli.it\/wp-content\/uploads\/2024\/06\/Screenshot_20240408_162725_Google-768x427.jpg 768w, https:\/\/ilgiornaledieboli.it\/wp-content\/uploads\/2024\/06\/Screenshot_20240408_162725_Google.jpg 1080w\" sizes=\"auto, (max-width: 1024px) 100vw, 1024px\" \/><\/figure>\n<\/figure>\n","protected":false},"excerpt":{"rendered":"<p>Ad Eboli oltre 14 milioni di euro dai fondi PriusEboli rafforza il suo ruolo di citt\u00e0 \u201cpolo\u201d, punto di riferimento di un territorio vasto che abbraccia significativi comuni della piana del Sele, del Cilento, del Diano, ma anche di altre province e regioni limitrofe.La conferma arriva dall\u2019ISTAT che, nell\u2019ambito del \u201cProgetto sulla misurazione statistica territoriale\u201d [&hellip;]<\/p>\n","protected":false},"author":2,"featured_media":4974,"comment_status":"open","ping_status":"open","sticky":false,"template":"","format":"standard","meta":{"footnotes":""},"categories":[11,4],"tags":[28,40,5,654,653,104,145],"class_list":["post-4970","post","type-post","status-publish","format-standard","has-post-thumbnail","hentry","category-attualita","category-news","tag-attualita","tag-comune-di-eboli","tag-eboli","tag-fondi-fers","tag-fondi-prius","tag-regione-campania","tag-salvatoremarisei"],"_links":{"self":[{"href":"https:\/\/ilgiornaledieboli.it\/index.php\/wp-json\/wp\/v2\/posts\/4970","targetHints":{"allow":["GET"]}}],"collection":[{"href":"https:\/\/ilgiornaledieboli.it\/index.php\/wp-json\/wp\/v2\/posts"}],"about":[{"href":"https:\/\/ilgiornaledieboli.it\/index.php\/wp-json\/wp\/v2\/types\/post"}],"author":[{"embeddable":true,"href":"https:\/\/ilgiornaledieboli.it\/index.php\/wp-json\/wp\/v2\/users\/2"}],"replies":[{"embeddable":true,"href":"https:\/\/ilgiornaledieboli.it\/index.php\/wp-json\/wp\/v2\/comments?post=4970"}],"version-history":[{"count":0,"href":"https:\/\/ilgiornaledieboli.it\/index.php\/wp-json\/wp\/v2\/posts\/4970\/revisions"}],"wp:featuredmedia":[{"embeddable":true,"href":"https:\/\/ilgiornaledieboli.it\/index.php\/wp-json\/wp\/v2\/media\/4974"}],"wp:attachment":[{"href":"https:\/\/ilgiornaledieboli.it\/index.php\/wp-json\/wp\/v2\/media?parent=4970"}],"wp:term":[{"taxonomy":"category","embeddable":true,"href":"https:\/\/ilgiornaledieboli.it\/index.php\/wp-json\/wp\/v2\/categories?post=4970"},{"taxonomy":"post_tag","embeddable":true,"href":"https:\/\/ilgiornaledieboli.it\/index.php\/wp-json\/wp\/v2\/tags?post=4970"}],"curies":[{"name":"wp","href":"https:\/\/api.w.org\/{rel}","templated":true}]}}