{"id":4629,"date":"2024-06-03T16:33:06","date_gmt":"2024-06-03T14:33:06","guid":{"rendered":"https:\/\/ilgiornaledieboli.it\/?p=4629"},"modified":"2024-06-03T17:40:08","modified_gmt":"2024-06-03T15:40:08","slug":"ancora-multe-contro-gli-incivili","status":"publish","type":"post","link":"https:\/\/ilgiornaledieboli.it\/index.php\/2024\/06\/03\/ancora-multe-contro-gli-incivili\/","title":{"rendered":"ANCORA MULTE CONTRO GLI INCIVILI."},"content":{"rendered":"\n<p><\/p>\n\n\n\n<p>Centro storico nel mirino dei controlli per l\u2019abbandono indiscriminato di rifiuti.<br>Gli agenti della Polizia Municipale questa mattina hanno verificato la presenza di materiali lasciati in strada senza alcun rispetto n\u00e9 del calendario, n\u00e9 degli orari, n\u00e9, tantomeno, della differenziazione tra tipologie di rifiuti.<br>Insomma delle vere e proprie minidiscariche a cielo aperto.<br>In collaborazione con gli operatori Sarim, che hanno provveduto alla differenziazione e raccolta dei rifiuti, gli agenti della Municipale hanno elevato numerosi verbali.<\/p>\n\n\n\n<figure class=\"wp-block-gallery has-nested-images columns-default is-cropped wp-block-gallery-1 is-layout-flex wp-block-gallery-is-layout-flex\">\n<figure class=\"wp-block-image size-large\"><img loading=\"lazy\" decoding=\"async\" width=\"576\" height=\"1024\" data-id=\"4630\" src=\"https:\/\/ilgiornaledieboli.it\/wp-content\/uploads\/2024\/06\/IMG-20240603-WA0002-576x1024.jpg\" alt=\"\" class=\"wp-image-4630\" srcset=\"https:\/\/ilgiornaledieboli.it\/wp-content\/uploads\/2024\/06\/IMG-20240603-WA0002-576x1024.jpg 576w, https:\/\/ilgiornaledieboli.it\/wp-content\/uploads\/2024\/06\/IMG-20240603-WA0002-169x300.jpg 169w, https:\/\/ilgiornaledieboli.it\/wp-content\/uploads\/2024\/06\/IMG-20240603-WA0002-768x1365.jpg 768w, https:\/\/ilgiornaledieboli.it\/wp-content\/uploads\/2024\/06\/IMG-20240603-WA0002-864x1536.jpg 864w, https:\/\/ilgiornaledieboli.it\/wp-content\/uploads\/2024\/06\/IMG-20240603-WA0002.jpg 900w\" sizes=\"auto, (max-width: 576px) 100vw, 576px\" \/><\/figure>\n<\/figure>\n\n\n\n<p><br>Ulteriori controlli sono stati poi effettuati a seguito di diverse segnalazioni di cittadini e associazioni ambientaliste che hanno notato canali di colore biancastro nella Vi e VII traversa del quartiere Prato. Forti gli odori acidi percepiti in questi giorni. La collaborazione e la sinergia tra gli uffici del nucleo ambientale della polizia municipale e l\u2019ufficio ambiente che ha disposto immediatamente campionamenti dell\u2019acqua da parte di ARPAC, hanno portato ad effettuare particolari e pi\u00f9 approfonditi controlli ai caseifici nelle zone limitrofe ai canali ispezionati. L\u2019Assessore all\u2019Ambiente Nadia La Brocca e l\u2019Assessore alla Polizia Municipale Antonio Corsetto hannodisposto di intensificare i controlli delle acque superficiali, in particolare l\u2019Assessore La Brocca ha rinnovato la convenzione con ARPAC per il 2024 e predisposto un piano controlli di concerto con l\u2019Assessore Corsetto e la polizia municipale.<br>I rilievi hanno consentito di individuare il caseificio responsabile degli sversamenti illeciti che sar\u00e0 denunciato penalmente e multato per reato ambientale.<br>\u00abL\u2019attenzione agli sversamenti nei canali sar\u00e0 intensificata perch\u00e9 \u00e8 la maggior causa di inquinamento delle acque marine della nostra costa. \u2013 ha dichiarato l\u2019Assessore La Brocca \u2013 Non faremo sconti. Vogliamo che gli ebolitani possano trascorrere un\u2019estate serena con il mare pulito. E senza questi sversamenti le nostre acque lo sono\u00bb.<\/p>\n\n\n\n<figure class=\"wp-block-image size-large\"><img loading=\"lazy\" decoding=\"async\" width=\"771\" height=\"1024\" src=\"https:\/\/ilgiornaledieboli.it\/wp-content\/uploads\/2024\/06\/IMG-20240603-WA0005-771x1024.jpg\" alt=\"\" class=\"wp-image-4631\" srcset=\"https:\/\/ilgiornaledieboli.it\/wp-content\/uploads\/2024\/06\/IMG-20240603-WA0005-771x1024.jpg 771w, https:\/\/ilgiornaledieboli.it\/wp-content\/uploads\/2024\/06\/IMG-20240603-WA0005-226x300.jpg 226w, https:\/\/ilgiornaledieboli.it\/wp-content\/uploads\/2024\/06\/IMG-20240603-WA0005-768x1021.jpg 768w, https:\/\/ilgiornaledieboli.it\/wp-content\/uploads\/2024\/06\/IMG-20240603-WA0005-1156x1536.jpg 1156w, https:\/\/ilgiornaledieboli.it\/wp-content\/uploads\/2024\/06\/IMG-20240603-WA0005.jpg 1204w\" sizes=\"auto, (max-width: 771px) 100vw, 771px\" \/><\/figure>\n\n\n\n<figure class=\"wp-block-gallery has-nested-images columns-default is-cropped wp-block-gallery-2 is-layout-flex wp-block-gallery-is-layout-flex\">\n<figure class=\"wp-block-image size-large\"><img loading=\"lazy\" decoding=\"async\" width=\"766\" height=\"1024\" data-id=\"4632\" src=\"https:\/\/ilgiornaledieboli.it\/wp-content\/uploads\/2024\/06\/IMG-20240603-WA0004-766x1024.jpg\" alt=\"\" class=\"wp-image-4632\" srcset=\"https:\/\/ilgiornaledieboli.it\/wp-content\/uploads\/2024\/06\/IMG-20240603-WA0004-766x1024.jpg 766w, https:\/\/ilgiornaledieboli.it\/wp-content\/uploads\/2024\/06\/IMG-20240603-WA0004-224x300.jpg 224w, https:\/\/ilgiornaledieboli.it\/wp-content\/uploads\/2024\/06\/IMG-20240603-WA0004-768x1027.jpg 768w, https:\/\/ilgiornaledieboli.it\/wp-content\/uploads\/2024\/06\/IMG-20240603-WA0004-1149x1536.jpg 1149w, https:\/\/ilgiornaledieboli.it\/wp-content\/uploads\/2024\/06\/IMG-20240603-WA0004.jpg 1197w\" sizes=\"auto, (max-width: 766px) 100vw, 766px\" \/><\/figure>\n<\/figure>\n\n\n\n<p><br>\u00abAbbiamo convocato una riunione con tutte le parti interessate per intraprendere azioni pi\u00f9 concrete. \u2013 ha aggiunto l\u2019Assessore Corsetto &#8211; Abbiamo bisogno di pi\u00f9 senso civico ma allo stesso tempo di sanzioni a cittadini e condomini. Oltre al problema del corretto conferimento non \u00e8 consentito iniziare a gettare i rifiuti fin dal pomeriggio. I rifiuti vanno depositati dalle 21 in poi. I problemi conseguenziali sono igienico-sanitari e di decoro urbano. Avremo tolleranza zero. Non si pu\u00f2 pi\u00f9 andare avanti cos\u00ec\u00bb.<br>Intanto sono state rinnovate le nomine degli ispettori ambientali che saranno di supporto nelle verifiche sotto il coordinamento della Polizia Municipale come prevede il Regolamento approvato di recente.<\/p>\n\n\n\n<p><\/p>\n","protected":false},"excerpt":{"rendered":"<p>Centro storico nel mirino dei controlli per l\u2019abbandono indiscriminato di rifiuti.Gli agenti della Polizia Municipale questa mattina hanno verificato la presenza di materiali lasciati in strada senza alcun rispetto n\u00e9 del calendario, n\u00e9 degli orari, n\u00e9, tantomeno, della differenziazione tra tipologie di rifiuti.Insomma delle vere e proprie minidiscariche a cielo aperto.In collaborazione con gli operatori [&hellip;]<\/p>\n","protected":false},"author":2,"featured_media":4635,"comment_status":"open","ping_status":"open","sticky":false,"template":"","format":"standard","meta":{"footnotes":""},"categories":[14,10,4],"tags":[411,28,627,40,5,629,628,626,630],"class_list":["post-4629","post","type-post","status-publish","format-standard","has-post-thumbnail","hentry","category-ambiente","category-cronaca","category-news","tag-antonio-corsetto","tag-attualita","tag-centro-storico","tag-comune-di-eboli","tag-eboli","tag-nadia-la-brocca","tag-prato","tag-sversamenti-illeciti","tag-verbali"],"_links":{"self":[{"href":"https:\/\/ilgiornaledieboli.it\/index.php\/wp-json\/wp\/v2\/posts\/4629","targetHints":{"allow":["GET"]}}],"collection":[{"href":"https:\/\/ilgiornaledieboli.it\/index.php\/wp-json\/wp\/v2\/posts"}],"about":[{"href":"https:\/\/ilgiornaledieboli.it\/index.php\/wp-json\/wp\/v2\/types\/post"}],"author":[{"embeddable":true,"href":"https:\/\/ilgiornaledieboli.it\/index.php\/wp-json\/wp\/v2\/users\/2"}],"replies":[{"embeddable":true,"href":"https:\/\/ilgiornaledieboli.it\/index.php\/wp-json\/wp\/v2\/comments?post=4629"}],"version-history":[{"count":0,"href":"https:\/\/ilgiornaledieboli.it\/index.php\/wp-json\/wp\/v2\/posts\/4629\/revisions"}],"wp:featuredmedia":[{"embeddable":true,"href":"https:\/\/ilgiornaledieboli.it\/index.php\/wp-json\/wp\/v2\/media\/4635"}],"wp:attachment":[{"href":"https:\/\/ilgiornaledieboli.it\/index.php\/wp-json\/wp\/v2\/media?parent=4629"}],"wp:term":[{"taxonomy":"category","embeddable":true,"href":"https:\/\/ilgiornaledieboli.it\/index.php\/wp-json\/wp\/v2\/categories?post=4629"},{"taxonomy":"post_tag","embeddable":true,"href":"https:\/\/ilgiornaledieboli.it\/index.php\/wp-json\/wp\/v2\/tags?post=4629"}],"curies":[{"name":"wp","href":"https:\/\/api.w.org\/{rel}","templated":true}]}}