{"id":4475,"date":"2024-05-29T19:33:01","date_gmt":"2024-05-29T17:33:01","guid":{"rendered":"https:\/\/ilgiornaledieboli.it\/?p=4475"},"modified":"2024-05-29T22:35:33","modified_gmt":"2024-05-29T20:35:33","slug":"festival-delle-lettrici-e-dei-lettori-il-calendario","status":"publish","type":"post","link":"https:\/\/ilgiornaledieboli.it\/index.php\/2024\/05\/29\/festival-delle-lettrici-e-dei-lettori-il-calendario\/","title":{"rendered":"Festival delle lettrici e dei lettori, IL CALENDARIO."},"content":{"rendered":"\n<p> <\/p>\n\n\n\n<p>Il 30\/31 maggio e il 1\u00b0 giugno al via la prima edizione del Festival<\/p>\n\n\n\n<p>Si terr\u00e0 ad Eboli, presso l\u2019Arena Cult in Piazza della Repubblica, la prima edizione del Festival delle Lettrici e dei Lettori \u2013 Citt\u00e0 di Eboli. Nato dal partenariato tra il Comune di Eboli e l\u2019editore Caff\u00e8orchidea, il Festival per tre giorni consecutivi aprir\u00e0 dialoghi e occasioni di incontro intorno al mondo del libro e della lettura.<br>Il programma del Festival mira a intercettare lettori di ogni et\u00e0, partendo dai pi\u00f9 giovani. Si comincia infatti con gli incontri mattutini dedicati agli studenti. I ragazzi avranno la possibilit\u00e0 di partecipare a un laboratorio nel quale incontreranno i classici della letteratura italiana, in particolar modo approfondiranno le Fiabe Italiane di Italo Calvino, rivivendo la felicit\u00e0 delle pagine calviniane attraverso nuove narrazioni, dibattiti e confronti coinvolgenti. Scopriranno inoltre le abitudini di lettura nel mondo e i benefici che comporta la lettura di un libro.<br>Ci sar\u00e0 spazio anche per i lettori pi\u00f9 piccoli, accompagnati dai loro genitori. Nel pomeriggio di gioved\u00ec sono previste letture condivise per bambini da 0 a 4\/5 anni. Una pratica, quella della lettura in et\u00e0 infantile importantissima e che spesso viene accantonata nella vita familiare. L\u2019incontro previsto alle 18.30 di gioved\u00ec sar\u00e0 l\u2019occasione per riscoprire il piacere di condividere la lettura degli albi illustrati con i bambini pi\u00f9 piccoli, favorendo l\u2019ascolto e l\u2019incontro attraverso le pagine dei libri.<br>Il Festival sar\u00e0 anche luogo di talks e dibattiti. In calendario venerd\u00ec alle 18.30 un talk sullo storytelling del territorio attraverso i libri che lo raccontano. Interverranno Michele Cicalese, il Cav. Giuseppe Barra e la poetessa Lina Rizzo. Mentre sabato allo stesso orario si racconteranno le buone pratiche di lettura condivisa gi\u00e0 attive sul territorio. La professoressa Enza Davino parler\u00e0 del gruppo di lettura pi\u00f9 che decennale che conduce in Biblioteca Simone Augeluzzi. Interverranno i lettori raccontando aneddoti ed esperienze personali.<br>Sar\u00e0 presentata ufficialmente la prima edizione del Premio Letterario Matteo Ripa. Un premio che interesser\u00e0 tutte le case editrici italiane, da quelle indipendenti alle major. Un premio che intende valorizzare la buona letteratura, intercettandola e promuovendola di anno in anno e che vuole mettere in gioco le opere letterarie facendole dialogare con temi sempre diversi. Il tema scelto per questa prima edizione, e che gli editori potranno liberamente interpretare, \u00e8 \u201cConfini\u201d. Un omaggio al Cristo si \u00e8 fermato a Eboli, che racconta la citt\u00e0 come un confine ultimo tra passato e presente, nord e sud, progresso e civilt\u00e0 contadina. Ma anche un omaggio a Matteo Ripa, viaggiatore e missionario che ha esplorato confini e mondi lontani.<br>Molto attesi i tre incontri serali con gli scrittori. Diego De Silva metter\u00e0 in scena un reading letterario con il Trio Malinconico, accompagnato da Aldo Vigorito al contrabbasso e Stefano Giuliano al sassofono. Lorenzo Marone si esibir\u00e0 in un reading \u201cGenerazione X\u201d, accompagnato dal clarinettista Davide D\u2019Al\u00f2. Enza Alfano, invece, presenter\u00e0 i suoi due ultimi libri: \u201cPerch\u00e9 ti ho perduto\u201d, dal quale \u00e8 stato tratto il film \u201cFolle d\u2019amore\u201d sulla vita di Alda Merini andato in onda su Rai 1 e \u201cLa guerra non torna di notte\u201d, un racconto appassionato di una vicenda familiare che culmina nelle Quattro giornate di Napoli.<br>Il festival si chiuder\u00e0 sabato sera alle 22 con un Silent Reading Party. I lettori si daranno appuntamento all\u2019Arena Cult per condividere un momento di lettura ciascuno col proprio libro. Sar\u00e0 un party silenzioso negli stessi orari della movida, ma in quel silenzio si incontreranno storie e avventure, si creeranno nuovi legami e si festegger\u00e0 insieme la fine del Festival dandosi appuntamento al prossimo anno.<br>IL PROGRAMMA DEL FESTIVAL<\/p>\n\n\n\n<p>GIOVED\u00cc 30 MAGGIO 2024<br>Mattina: incontri con le scuole<br>Ore 18.30: Letture per i pi\u00f9 piccoli<br>Ore 19.30: Trio Malinconico<\/p>\n\n\n\n<p>Incontri con le scuole<br>Qual \u00e8 la definizione esatta di lettore? Quali sono le abitudini di lettura in paesi diversi dall\u2019Italia? E perch\u00e9 leggere pu\u00f2 renderci pi\u00f9 felici? Inoltre: come fece Italo Calvino a mettere insieme tutte le fiabe italiane in un unico libro? E soprattutto: quali sono le fiabe italiane?<br>Un laboratorio che mette al centro i giovani lettori e il piacere di raccontare storie.<\/p>\n\n\n\n<p>Letture per piccoli lettori (con super genitori)<br>Si diventa lettori fin dai primi giorni di vita. Condividere la lettura, genitori e figli, crea sintonie e costruisce un futuro migliore. In questo evento leggeremo insieme albi illustrati, dai classici a quelli di nuova pubblicazione. Perch\u00e9 leggere insieme \u00e8 meraviglioso.<br>Fascia d\u2019et\u00e0: da 0 a 4\/5 anni<\/p>\n\n\n\n<p>Diego De Silva &amp; Trio Malinconico presentano un reading letterario<br>Uno scrittore e due musicisti jazz uniscono musica e letteratura in una forma di spettacolo che permetta a entrambe le forme espressive di parlarsi in una lingua comune. Diego De Silva (voce recitante), Aldo Vigorito (contrabbasso) e Stefano Giuliano (Sassofono) si esibiscono in un\u2019alternanza di brani letti, recitati, e l\u2019esecuzione di pezzi che di volta in volta gli strumentisti pensano, consentendo al pubblico di concentrarsi sul testo e rilassarsi durante l\u2019ascolto dei brani musicali dal vivo.<\/p>\n\n\n\n<hr class=\"wp-block-separator has-alpha-channel-opacity\" \/>\n\n\n\n<p>VENERD\u00cc 31 MAGGIO 2024<br>Mattina: incontri con le scuole<br>Ore 18.30: Lo storytelling di un territorio attraverso i libri<br>Ore 19.30: incontro con Enza Alfano<br>Ore 20.30: reading poesie di Alda Merini<\/p>\n\n\n\n<p>Incontri con le scuole<br>Qual \u00e8 la definizione esatta di lettore? Quali sono le abitudini di lettura in paesi diversi dall\u2019Italia? E perch\u00e9 leggere pu\u00f2 renderci pi\u00f9 felici? Inoltre: come fece Italo Calvino a mettere insieme tutte le fiabe italiane in un unico libro? E soprattutto: quali sono le fiabe italiane?<br>Un laboratorio che mette al centro i giovani lettori e il piacere di raccontare storie.<\/p>\n\n\n\n<p>Lo storytelling di un territorio attraverso i libri<br>Talk con Michele Cicatelli, sui libri che raccontano l\u2019inestimabile patrimonio di un piccolo paese di provincia, con il Cav. Giuseppe Barra, editore e autore di numerose pubblicazioni legate alla storia culturale del territorio e con la poetessa Lina Rizzo, premiata per la sua opera al Salone del Libro di Torino.<\/p>\n\n\n\n<p>Vincenza Alfano presenta \u201cPerch\u00e9 ti ho perduto\u201d e \u201cLa guerra non torna di notte\u201d<br>Scrittrice, giornalista, docente. Collabora con la pagina culturale del \u00abCorriere del Mezzogiorno\u00bb. Si occupa di consulenza editoriale e scouting letterario e ha fondato e conduce l\u2019Officina delle parole.<br>Perch\u00e9 ti ho perduto (Giulio Perrone Editore 2021), \u00e8 un romanzo su Alda Merini da cui \u00e8 stato tratto il film per la tv \u201cFolle d\u2019amore\u201d, prodotto da Rai fiction e Jean Vig\u00f2 per la regia di Roberto Faenza.<br>La guerra non torna di notte (Solferino 2023) \u00e8 il suo ultimo romanzo, che racconta una vicenda familiare che culmina sulle barricate delle Quattro Giornate di Napoli del settembre 1943, quando la citt\u00e0 insorse contro i nazisti. diventa lettori fin dai primi giorni di vita. Condividere la lettura, genitori e figli, crea sintonie e costruisce un futuro migliore. In questo evento leggeremo insieme albi illustrati, dai classici a quelli di nuova pubblicazione. Perch\u00e9 leggere insieme \u00e8 meraviglioso.<\/p>\n\n\n\n<p>Reading poesie di Alda Merini. Lettura condivisa di poesie di Alda Merini<br>Ciascun lettore pu\u00f2 partecipare prenotandosi durante la serata e leggendo una poesia.<\/p>\n\n\n\n<hr class=\"wp-block-separator has-alpha-channel-opacity\" \/>\n\n\n\n<p>SABATO 1\u00b0 GIUGNO 2024<br>ore 18.30: Esperienze di lettura e presentazione del Premio Matteo Ripa<br>ore 19.30 Generazione X di Lorenzo Marone<br>Dalle 22 alle 23: Silent reading party<\/p>\n\n\n\n<p>Buone pratiche sul mondo della lettura<br>Talk con Enza Davino, ideatrice di un gruppo di lettura ormai pi\u00f9 che decennale e interventi di lettori in merito al loro percorso in gruppi di lettura e a scoperte letterarie inaspettate.<br>Presentazione del Premio Letterario Matteo Ripa<br>Presentazione ufficiale del Bando della prima edizione del premio letterario Matteo Ripa. Un premio che intende veicolare la buona letteratura, promuovendo temi e personaggi del territorio.<\/p>\n\n\n\n<p>Lorenzo Marone presenta il reading letterario \u201cGenerazione X\u201d<br>Scrittore bestseller, ha esordito nel 2015 con La tentazione di essere felici. I suoi libri sono tradotti in 18 paesi.<br>Generazione X. Monologo semiserio di un cinquantenne impreparato \u00e8 un confronto divertente e stimolante tra generazioni per provare a capire tutti insieme se il mondo sta migliorando (o peggiorando). Con Davide D\u2019Al\u00f2 (clarinettista).<\/p>\n\n\n\n<p><\/p>\n\n\n\n<p>Silent reading party<br>Tutti i lettori si ritrovano all\u2019Arena Cult con un libro e leggono contemporaneamente, con un piacevole sottofondo musicale. In pieno centro, in citt\u00e0, proprio durante le ore della movida. Un modo nuovo per incontrarsi, e nel silenzio generare un meraviglioso caos di storie e personaggi.<\/p>\n\n\n\n<figure class=\"wp-block-image size-large\"><img loading=\"lazy\" decoding=\"async\" width=\"1020\" height=\"1024\" src=\"https:\/\/ilgiornaledieboli.it\/wp-content\/uploads\/2024\/05\/IMG-20240529-WA0010-1020x1024.jpg\" alt=\"\" class=\"wp-image-4476\" srcset=\"https:\/\/ilgiornaledieboli.it\/wp-content\/uploads\/2024\/05\/IMG-20240529-WA0010-1020x1024.jpg 1020w, https:\/\/ilgiornaledieboli.it\/wp-content\/uploads\/2024\/05\/IMG-20240529-WA0010-300x300.jpg 300w, https:\/\/ilgiornaledieboli.it\/wp-content\/uploads\/2024\/05\/IMG-20240529-WA0010-150x150.jpg 150w, https:\/\/ilgiornaledieboli.it\/wp-content\/uploads\/2024\/05\/IMG-20240529-WA0010-768x771.jpg 768w, https:\/\/ilgiornaledieboli.it\/wp-content\/uploads\/2024\/05\/IMG-20240529-WA0010.jpg 1080w\" sizes=\"auto, (max-width: 1020px) 100vw, 1020px\" \/><\/figure>\n","protected":false},"excerpt":{"rendered":"<p>Il 30\/31 maggio e il 1\u00b0 giugno al via la prima edizione del Festival Si terr\u00e0 ad Eboli, presso l\u2019Arena Cult in Piazza della Repubblica, la prima edizione del Festival delle Lettrici e dei Lettori \u2013 Citt\u00e0 di Eboli. Nato dal partenariato tra il Comune di Eboli e l\u2019editore Caff\u00e8orchidea, il Festival per tre giorni [&hellip;]<\/p>\n","protected":false},"author":2,"featured_media":4479,"comment_status":"open","ping_status":"open","sticky":false,"template":"","format":"standard","meta":{"footnotes":""},"categories":[15,13,4],"tags":[40,42,5,603,16],"class_list":["post-4475","post","type-post","status-publish","format-standard","has-post-thumbnail","hentry","category-cultura","category-eventi","category-news","tag-comune-di-eboli","tag-cultura","tag-eboli","tag-ebolicult","tag-eventi"],"_links":{"self":[{"href":"https:\/\/ilgiornaledieboli.it\/index.php\/wp-json\/wp\/v2\/posts\/4475","targetHints":{"allow":["GET"]}}],"collection":[{"href":"https:\/\/ilgiornaledieboli.it\/index.php\/wp-json\/wp\/v2\/posts"}],"about":[{"href":"https:\/\/ilgiornaledieboli.it\/index.php\/wp-json\/wp\/v2\/types\/post"}],"author":[{"embeddable":true,"href":"https:\/\/ilgiornaledieboli.it\/index.php\/wp-json\/wp\/v2\/users\/2"}],"replies":[{"embeddable":true,"href":"https:\/\/ilgiornaledieboli.it\/index.php\/wp-json\/wp\/v2\/comments?post=4475"}],"version-history":[{"count":0,"href":"https:\/\/ilgiornaledieboli.it\/index.php\/wp-json\/wp\/v2\/posts\/4475\/revisions"}],"wp:featuredmedia":[{"embeddable":true,"href":"https:\/\/ilgiornaledieboli.it\/index.php\/wp-json\/wp\/v2\/media\/4479"}],"wp:attachment":[{"href":"https:\/\/ilgiornaledieboli.it\/index.php\/wp-json\/wp\/v2\/media?parent=4475"}],"wp:term":[{"taxonomy":"category","embeddable":true,"href":"https:\/\/ilgiornaledieboli.it\/index.php\/wp-json\/wp\/v2\/categories?post=4475"},{"taxonomy":"post_tag","embeddable":true,"href":"https:\/\/ilgiornaledieboli.it\/index.php\/wp-json\/wp\/v2\/tags?post=4475"}],"curies":[{"name":"wp","href":"https:\/\/api.w.org\/{rel}","templated":true}]}}