{"id":3671,"date":"2024-05-01T17:21:56","date_gmt":"2024-05-01T15:21:56","guid":{"rendered":"https:\/\/ilgiornaledieboli.it\/?p=3671"},"modified":"2024-05-01T18:22:51","modified_gmt":"2024-05-01T16:22:51","slug":"un-riconoscimento-a-due-lavoratori-ebolitani","status":"publish","type":"post","link":"https:\/\/ilgiornaledieboli.it\/index.php\/2024\/05\/01\/un-riconoscimento-a-due-lavoratori-ebolitani\/","title":{"rendered":"Un riconoscimento a due lavoratori ebolitani"},"content":{"rendered":"\n<p><\/p>\n\n\n\n<p><br>Il 2 maggio alle ore 11,00 nell\u2019aula consiliare Isaia Bonavoglia due anziani pensionati dell\u2019azienda agricola S.Cecilia Petruccia, di propriet\u00e0 dell\u2019Universit\u00e0 degli Studi l\u2019Orientale di Napoli, riceveranno un riconoscimento per l\u2019impegno quarantennale profuso nel lavoro dei campi.<br>Un modo diverso per rendere onore al lavoro a ridosso del 1\u00b0 maggio &#8211; quello in agricoltura \u00e8 infatti uno dei pi\u00f9 duri e diffusi nel nostro territorio &#8211; nonch\u00e9 a due lavoratori, Francesco Altieri, 93 anni, e Giuseppe Titolo, 94 anni, che per oltre 40 anni hanno profuso il loro impegno nelle terre dell\u2019Orientale.<br>Alla cerimonia, oltre al Sindaco di Eboli Mario Conte, sar\u00e0 presente il Rettore de l\u2019Orientale Roberto Tottoli.<br>La splendida tenuta di oltre 680 ettari che si estende tra Eboli e Battipaglia ha rappresentato e rappresenta da 60 anni un fiore all\u2019occhiello della Piana del Sele, cos\u00ec come quanti vi hanno lavorato con sacrificio e passione. A curare l\u2019iniziativa Luigi Adinolfi attuale capo azienda, figlio di Matteo Adinolfi che ne fu il primo direttore tecnico.<br><\/p>\n","protected":false},"excerpt":{"rendered":"<p>Il 2 maggio alle ore 11,00 nell\u2019aula consiliare Isaia Bonavoglia due anziani pensionati dell\u2019azienda agricola S.Cecilia Petruccia, di propriet\u00e0 dell\u2019Universit\u00e0 degli Studi l\u2019Orientale di Napoli, riceveranno un riconoscimento per l\u2019impegno quarantennale profuso nel lavoro dei campi.Un modo diverso per rendere onore al lavoro a ridosso del 1\u00b0 maggio &#8211; quello in agricoltura \u00e8 infatti uno [&hellip;]<\/p>\n","protected":false},"author":2,"featured_media":3676,"comment_status":"open","ping_status":"open","sticky":false,"template":"","format":"standard","meta":{"footnotes":""},"categories":[13,4],"tags":[473,40,5,16,475,476,474],"class_list":["post-3671","post","type-post","status-publish","format-standard","has-post-thumbnail","hentry","category-eventi","category-news","tag-azienda-petruccia","tag-comune-di-eboli","tag-eboli","tag-eventi","tag-francesco-altieri","tag-giuseppe-titolo","tag-s-cecilia"],"_links":{"self":[{"href":"https:\/\/ilgiornaledieboli.it\/index.php\/wp-json\/wp\/v2\/posts\/3671","targetHints":{"allow":["GET"]}}],"collection":[{"href":"https:\/\/ilgiornaledieboli.it\/index.php\/wp-json\/wp\/v2\/posts"}],"about":[{"href":"https:\/\/ilgiornaledieboli.it\/index.php\/wp-json\/wp\/v2\/types\/post"}],"author":[{"embeddable":true,"href":"https:\/\/ilgiornaledieboli.it\/index.php\/wp-json\/wp\/v2\/users\/2"}],"replies":[{"embeddable":true,"href":"https:\/\/ilgiornaledieboli.it\/index.php\/wp-json\/wp\/v2\/comments?post=3671"}],"version-history":[{"count":0,"href":"https:\/\/ilgiornaledieboli.it\/index.php\/wp-json\/wp\/v2\/posts\/3671\/revisions"}],"wp:featuredmedia":[{"embeddable":true,"href":"https:\/\/ilgiornaledieboli.it\/index.php\/wp-json\/wp\/v2\/media\/3676"}],"wp:attachment":[{"href":"https:\/\/ilgiornaledieboli.it\/index.php\/wp-json\/wp\/v2\/media?parent=3671"}],"wp:term":[{"taxonomy":"category","embeddable":true,"href":"https:\/\/ilgiornaledieboli.it\/index.php\/wp-json\/wp\/v2\/categories?post=3671"},{"taxonomy":"post_tag","embeddable":true,"href":"https:\/\/ilgiornaledieboli.it\/index.php\/wp-json\/wp\/v2\/tags?post=3671"}],"curies":[{"name":"wp","href":"https:\/\/api.w.org\/{rel}","templated":true}]}}