{"id":265,"date":"2023-11-22T11:12:14","date_gmt":"2023-11-22T10:12:14","guid":{"rendered":"https:\/\/ilgiornaledieboli.it\/?p=265"},"modified":"2023-11-24T22:40:16","modified_gmt":"2023-11-24T21:40:16","slug":"fondi-per-i-minori-e-polemica","status":"publish","type":"post","link":"https:\/\/ilgiornaledieboli.it\/index.php\/2023\/11\/22\/fondi-per-i-minori-e-polemica\/","title":{"rendered":"FONDI PER I MINORI, \u00c8 POLEMICA"},"content":{"rendered":"\n<p>Pubblicato sull&#8217;albo pretorio un avviso pubblico per l&#8217;accompagnamento dei minori a soli 6 giorni dalla scadenza. Si parla di &#8216;bando sartoriale&#8217; ovvero cucito su misura .<\/p>\n\n\n\n<p>\u00c8 indignato il commercialista ed esperto del terzo settore Ivan Vernosce in merito all&#8217; avviso pubblico per la presentazione di progetti a valere sul fondo per le attivit\u00e0 socioducative a favore dei minori 2023 con termine per presentare i progetti in data 27 novembre ma pubblicato solo martedi 21. Si tratta di un bando sartoriale? Si chiede. Come mai l&#8217;Amministrazione si riduce sempre all&#8217;ultimo momento per l&#8217;emissione dei bandi? Gi\u00e0 \u00e8 accaduto con la mensa scolastica. Di chi \u00e8 la responsabilit\u00e0? Del dirigente o della politica? \u00c8 questo il cambio di passo auspicato da chi chiedeva il rimpasto e l&#8217;ha ottenuto? Katia Cennamo, assessore agli affari sociali, \u00e8 stata nominata proprio dopo il rimpastone e dichiara che nel settore la cosa si sapeva da questa estate, quindi c&#8217;\u00e8 chi si \u00e8 preparato e chi no. Sul caso interviene la politica di opposizione: Eboli Responsabile chiede chiarimenti sul bando del fondo per i minori . I fondi sono stati assegnati al Comune di Eboli dal Ministero con decreto del 24 luglio 2023. Addirittura, le somme sono state accreditate nelle casse comunali tramite pagamento effettuato dalla Banca d&#8217;Italia a decorrere dal 21 settembre 2023 e, comunque, entro la fine di settembre 2023. &#8220;&#8230;C\u2019era tutto il tempo e l\u2019opportunit\u00e0 di pubblicare l\u2019avviso con  modalit\u00e0 che favorissero la partecipazione&#8221; si legge in una nota diramata dalla formazione politica guidata da Damiano Capaccio&#8221;. Eboli Responsabile chiede che &#8220;\u2026il sindaco Mario Conte e l\u2019assessore Katia Cennamo spieghino ai cittadini come si pu\u00f2 credere che in sei giorni si riesca a pensare, progettare, chiedere preventivi, valutare l\u2019impegno e partecipare con un progetto a questo avviso. Nella nostra citt\u00e0 c\u2019\u00e8 la convinzione, soprattutto da parte dei giovani, che se non si fa &#8216;parte del giro&#8217; \u00e8 davvero difficile realizzare iniziative o portare avanti proposte\u2026&#8221; . &#8220;Sulla vicenda vigiler\u00f2\u2026&#8221; Ha dichiarato Damiano Cardiello, consigliere di Fratelli d&#8217;Italia. Vernosce infine si auspica &#8220;\u2026 per onest\u00e0 intellettuale e politica ma, soprattutto, per responsabilit\u00e0 nei<br>confronti del tessuto sociale, l&#8217;annullamento in autotutela dell&#8217;avviso in linea con le disposizioni di cui al D.L. n. 48\/2023, e le somme vadano utilizzate sotto forma di contributi\/ristori alle famiglie che hanno aderito a centri estivi organizzati. In questo modo il comune eviterebbe di perdere il finanziamento, e l\u2019amministrazione la faccia.\u201d<\/p>\n","protected":false},"excerpt":{"rendered":"<p>Si parla di &#8216;bando sartoriale&#8217;. Di cosa si tratta?<\/p>\n","protected":false},"author":5,"featured_media":264,"comment_status":"open","ping_status":"open","sticky":false,"template":"","format":"standard","meta":{"footnotes":""},"categories":[11,4],"tags":[40,49,50],"class_list":["post-265","post","type-post","status-publish","format-standard","has-post-thumbnail","hentry","category-attualita","category-news","tag-comune-di-eboli","tag-fondi","tag-minori"],"_links":{"self":[{"href":"https:\/\/ilgiornaledieboli.it\/index.php\/wp-json\/wp\/v2\/posts\/265","targetHints":{"allow":["GET"]}}],"collection":[{"href":"https:\/\/ilgiornaledieboli.it\/index.php\/wp-json\/wp\/v2\/posts"}],"about":[{"href":"https:\/\/ilgiornaledieboli.it\/index.php\/wp-json\/wp\/v2\/types\/post"}],"author":[{"embeddable":true,"href":"https:\/\/ilgiornaledieboli.it\/index.php\/wp-json\/wp\/v2\/users\/5"}],"replies":[{"embeddable":true,"href":"https:\/\/ilgiornaledieboli.it\/index.php\/wp-json\/wp\/v2\/comments?post=265"}],"version-history":[{"count":0,"href":"https:\/\/ilgiornaledieboli.it\/index.php\/wp-json\/wp\/v2\/posts\/265\/revisions"}],"wp:featuredmedia":[{"embeddable":true,"href":"https:\/\/ilgiornaledieboli.it\/index.php\/wp-json\/wp\/v2\/media\/264"}],"wp:attachment":[{"href":"https:\/\/ilgiornaledieboli.it\/index.php\/wp-json\/wp\/v2\/media?parent=265"}],"wp:term":[{"taxonomy":"category","embeddable":true,"href":"https:\/\/ilgiornaledieboli.it\/index.php\/wp-json\/wp\/v2\/categories?post=265"},{"taxonomy":"post_tag","embeddable":true,"href":"https:\/\/ilgiornaledieboli.it\/index.php\/wp-json\/wp\/v2\/tags?post=265"}],"curies":[{"name":"wp","href":"https:\/\/api.w.org\/{rel}","templated":true}]}}