{"id":1603,"date":"2024-02-22T21:02:14","date_gmt":"2024-02-22T20:02:14","guid":{"rendered":"https:\/\/ilgiornaledieboli.it\/?p=1603"},"modified":"2024-02-22T21:02:15","modified_gmt":"2024-02-22T20:02:15","slug":"continua-la-digitalizzazione-del-comune","status":"publish","type":"post","link":"https:\/\/ilgiornaledieboli.it\/index.php\/2024\/02\/22\/continua-la-digitalizzazione-del-comune\/","title":{"rendered":"CONTINUA LA DIGITALIZZAZIONE DEL COMUNE"},"content":{"rendered":" <br \/><br \/>Prosegue il lavoro di digitalizzazione degli uffici comunali. In tale ambito l\u2019Assessorato alla Transizione Digitale guidato da Nadia La Brocca, insieme agli uffici del Ced, ha portato avanti un ambizioso lavoro di programmazione che comincia ora a dare i primi frutti concreti.<br \/> In particolare sono state portate a termine e aggiudicate le gare relative ai bandi PNRR: <br \/>&#8211; PNRR &#8211; MISURA 1.4.5 &#8220;PIATTAFORMA NOTIFICHE DIGITALI&#8221; a fronte del finanziamento ricevuto per importo pari a \u20ac 59.966,00 sono stati affidati i servizi per:<br \/>&#8211; Notifiche digitali per riscossione entrate patrimoniali con pagamento Pago PA;<br \/>&#8211; Contravvenzioni &#8211; polizia municipale con relativa possibilit\u00e0 di pagamento Pago PA. <br \/>PNRR &#8211; &#8220;MISURA 1.4.3 PAGOPA&#8221; a fronte del finanziamento per importo pari a \u20ac 80.124,00 <br \/>Sono stati affidati servizi per ampliare a tutti i settori la possibilit\u00e0 di pagamento con PAGO PA delle relative istanze e contravvenzioni.<br \/>\u00abL\u2019adozione di soluzioni tecnologiche avanzate consente di migliorare l\u2019efficacia, l\u2019efficienza e la trasparenza dei servizi pubblici, &#8211; ha dichiarato l\u2019Assessore La Brocca &#8211; offrendo ai cittadini un accesso pi\u00f9 semplice e rapido a una vasta gamma di servizi. Il settore informatico e della transizione digitale sta svolgendo un ottimo lavoro che proseguir\u00e0 nei prossimi mesi\u00bb.<br \/>\u00abLa digitalizzazione della pubblica  amministrazione rappresenta un passo importante per il futuro del nostro comune. \u2013 ha dichiarato il capogruppo di Eboli 3.0 Matteo Balestrieri &#8211; C&#8217;\u00e8 soddisfazione per Il lavoro di programmazione e di reperimento delle risorse necessarie, portato avanti in questi mesi dall&#8217;Assessore La Brocca, che trova oggi i primi risultati e che sar\u00e0 seguito da altri traguardi nei prossimi. Digitalizzare i servizi \u00e8 una nostra priorit\u00e0. Questa attivit\u00e0 consentir\u00e0 supporti pi\u00f9 veloci ai cittadini per accedere alle attivit\u00e0 delle PA senza recarsi negli uffici di competenza, dando la possibilit\u00e0 a tutti di usufruire dei servizi in qualsiasi momento e attraverso ogni dispositivo\u00bb.","protected":false},"excerpt":{"rendered":"<p>Prosegue il lavoro di digitalizzazione degli uffici comunali. In tale ambito l\u2019Assessorato alla Transizione Digitale guidato da Nadia La Brocca, insieme agli uffici del Ced, ha portato avanti un ambizioso lavoro di programmazione che comincia ora a dare i primi frutti concreti. In particolare sono state portate a termine e aggiudicate le gare relative ai [&hellip;]<\/p>\n","protected":false},"author":2,"featured_media":1648,"comment_status":"open","ping_status":"open","sticky":false,"template":"","format":"standard","meta":{"footnotes":""},"categories":[11,4],"tags":[40,237,5],"class_list":["post-1603","post","type-post","status-publish","format-standard","has-post-thumbnail","hentry","category-attualita","category-news","tag-comune-di-eboli","tag-digitalizzazione-del-comune","tag-eboli"],"_links":{"self":[{"href":"https:\/\/ilgiornaledieboli.it\/index.php\/wp-json\/wp\/v2\/posts\/1603","targetHints":{"allow":["GET"]}}],"collection":[{"href":"https:\/\/ilgiornaledieboli.it\/index.php\/wp-json\/wp\/v2\/posts"}],"about":[{"href":"https:\/\/ilgiornaledieboli.it\/index.php\/wp-json\/wp\/v2\/types\/post"}],"author":[{"embeddable":true,"href":"https:\/\/ilgiornaledieboli.it\/index.php\/wp-json\/wp\/v2\/users\/2"}],"replies":[{"embeddable":true,"href":"https:\/\/ilgiornaledieboli.it\/index.php\/wp-json\/wp\/v2\/comments?post=1603"}],"version-history":[{"count":0,"href":"https:\/\/ilgiornaledieboli.it\/index.php\/wp-json\/wp\/v2\/posts\/1603\/revisions"}],"wp:featuredmedia":[{"embeddable":true,"href":"https:\/\/ilgiornaledieboli.it\/index.php\/wp-json\/wp\/v2\/media\/1648"}],"wp:attachment":[{"href":"https:\/\/ilgiornaledieboli.it\/index.php\/wp-json\/wp\/v2\/media?parent=1603"}],"wp:term":[{"taxonomy":"category","embeddable":true,"href":"https:\/\/ilgiornaledieboli.it\/index.php\/wp-json\/wp\/v2\/categories?post=1603"},{"taxonomy":"post_tag","embeddable":true,"href":"https:\/\/ilgiornaledieboli.it\/index.php\/wp-json\/wp\/v2\/tags?post=1603"}],"curies":[{"name":"wp","href":"https:\/\/api.w.org\/{rel}","templated":true}]}}