{"id":1561,"date":"2024-02-17T18:55:02","date_gmt":"2024-02-17T17:55:02","guid":{"rendered":"https:\/\/ilgiornaledieboli.it\/?p=1561"},"modified":"2024-02-17T19:34:20","modified_gmt":"2024-02-17T18:34:20","slug":"chiusura-fos-lo-stato-diventi-imprenditore","status":"publish","type":"post","link":"https:\/\/ilgiornaledieboli.it\/index.php\/2024\/02\/17\/chiusura-fos-lo-stato-diventi-imprenditore\/","title":{"rendered":"Chiusura FOS, LO STATO DIVENTI IMPRENDITORE"},"content":{"rendered":"\n<p>riceviamo e pubblichiamo<br><br>La FOS di Battipaglia non deve chiudere! Lo Stato diventi imprenditore, da solo o con altri.<br><br>Il gruppo Prysmian proprietario della FOS srl di Battipaglia ha comunicato ieri, durante l\u2019incontro al Mimit (Ministero delle Imprese e del Made in Italy), la volont\u00e0 di chiudere lo stabilimento, l\u2019unico a produrre fibra ottica in Italia.<br>Dalle informazioni in nostro possesso \u00e8 stato un fulmine a ciel sereno, perch\u00e9, nei precedenti incontri, non si era mai parlato di chiusura ma di ridimensionamento della forza lavoro.<br>Il Ministro Urso ha chiesto di attendere 3 settimane prima di fermare gli impianti di produzione, in modo da verificare l\u2019interessamento di altre imprese gi\u00e0 contattate.<br>Non  c\u2019\u00e8 nella da discutere. Con o senza Prysmian, con o senza altre imprese il sito produttivo di Battipaglia non deve chiudere.<br>Non stiamo ancora a ripetere i danni che ne deriverebbero da questa chiusura alla Piana del Sele e al Sud. <br>La crisi della FOS non ha nulla da invidiare, purtroppo, a quelle delle Acciaierie d\u2019Italia e di Stellantis. <br>Tre settori estremamente strategici per la politica industriale del nostro Paese.<br>Ecco, la mancanza di una politica industriale dopo la privatizzazione dei gruppi pubblici, avvenuta negli anni \u201990 del XX secolo \u00e8 il vero nocciolo della questione. Soprattutto per il Sud.<br>Siamo diventati un Paese senza politica industriale e, dunque, senza le strategie necessarie a mantenere la competitivit\u00e0.<br>Il ruolo dello stato si \u00e8 rivelato sempre pi\u00f9 marginale e ci\u00f2 sta mostrando, oggi, i suoi effetti scellerati.<br>In Germania e Francia ci\u00f2 non \u00e8 avvenuto e non avviene perch\u00e9 si applicano strategie nazionali a sostegno dello sviluppo industriale. <br>In questa ottica, indipendentemente da Prysmian o altre imprese, la FOS di Battipaglia non deve chiudere e affinch\u00e9 ci\u00f2 accada lo Stato deve diventare imprenditore, da solo o con altri.<br>Pci di Eboli<\/p>\n\n\n<div class=\"wp-block-image\">\n<figure data-wp-context=\"{&quot;imageId&quot;:&quot;69f2583f7d54e&quot;}\" data-wp-interactive=\"core\/image\" data-wp-key=\"69f2583f7d54e\" class=\"aligncenter size-full wp-lightbox-container\"><img loading=\"lazy\" decoding=\"async\" width=\"480\" height=\"480\" data-wp-class--hide=\"state.isContentHidden\" data-wp-class--show=\"state.isContentVisible\" data-wp-init=\"callbacks.setButtonStyles\" data-wp-on--click=\"actions.showLightbox\" data-wp-on--load=\"callbacks.setButtonStyles\" data-wp-on-window--resize=\"callbacks.setButtonStyles\" src=\"https:\/\/ilgiornaledieboli.it\/wp-content\/uploads\/2024\/02\/Pci1.jpg\" alt=\"\" class=\"wp-image-1573\" srcset=\"https:\/\/ilgiornaledieboli.it\/wp-content\/uploads\/2024\/02\/Pci1.jpg 480w, https:\/\/ilgiornaledieboli.it\/wp-content\/uploads\/2024\/02\/Pci1-300x300.jpg 300w, https:\/\/ilgiornaledieboli.it\/wp-content\/uploads\/2024\/02\/Pci1-150x150.jpg 150w\" sizes=\"auto, (max-width: 480px) 100vw, 480px\" \/><button\n\t\t\tclass=\"lightbox-trigger\"\n\t\t\ttype=\"button\"\n\t\t\taria-haspopup=\"dialog\"\n\t\t\taria-label=\"Ingrandisci\"\n\t\t\tdata-wp-init=\"callbacks.initTriggerButton\"\n\t\t\tdata-wp-on--click=\"actions.showLightbox\"\n\t\t\tdata-wp-style--right=\"state.imageButtonRight\"\n\t\t\tdata-wp-style--top=\"state.imageButtonTop\"\n\t\t>\n\t\t\t<svg xmlns=\"http:\/\/www.w3.org\/2000\/svg\" width=\"12\" height=\"12\" fill=\"none\" viewBox=\"0 0 12 12\">\n\t\t\t\t<path fill=\"#fff\" d=\"M2 0a2 2 0 0 0-2 2v2h1.5V2a.5.5 0 0 1 .5-.5h2V0H2Zm2 10.5H2a.5.5 0 0 1-.5-.5V8H0v2a2 2 0 0 0 2 2h2v-1.5ZM8 12v-1.5h2a.5.5 0 0 0 .5-.5V8H12v2a2 2 0 0 1-2 2H8Zm2-12a2 2 0 0 1 2 2v2h-1.5V2a.5.5 0 0 0-.5-.5H8V0h2Z\" \/>\n\t\t\t<\/svg>\n\t\t<\/button><\/figure>\n<\/div>","protected":false},"excerpt":{"rendered":"<p>riceviamo e pubblichiamo La FOS di Battipaglia non deve chiudere! Lo Stato diventi imprenditore, da solo o con altri. Il gruppo Prysmian proprietario della FOS srl di Battipaglia ha comunicato ieri, durante l\u2019incontro al Mimit (Ministero delle Imprese e del Made in Italy), la volont\u00e0 di chiudere lo stabilimento, l\u2019unico a produrre fibra ottica in [&hellip;]<\/p>\n","protected":false},"author":2,"featured_media":1572,"comment_status":"open","ping_status":"open","sticky":false,"template":"","format":"standard","meta":{"footnotes":""},"categories":[11,4,3],"tags":[67,5],"class_list":["post-1561","post","type-post","status-publish","format-standard","has-post-thumbnail","hentry","category-attualita","category-news","category-politica","tag-battipaglia","tag-eboli"],"_links":{"self":[{"href":"https:\/\/ilgiornaledieboli.it\/index.php\/wp-json\/wp\/v2\/posts\/1561","targetHints":{"allow":["GET"]}}],"collection":[{"href":"https:\/\/ilgiornaledieboli.it\/index.php\/wp-json\/wp\/v2\/posts"}],"about":[{"href":"https:\/\/ilgiornaledieboli.it\/index.php\/wp-json\/wp\/v2\/types\/post"}],"author":[{"embeddable":true,"href":"https:\/\/ilgiornaledieboli.it\/index.php\/wp-json\/wp\/v2\/users\/2"}],"replies":[{"embeddable":true,"href":"https:\/\/ilgiornaledieboli.it\/index.php\/wp-json\/wp\/v2\/comments?post=1561"}],"version-history":[{"count":0,"href":"https:\/\/ilgiornaledieboli.it\/index.php\/wp-json\/wp\/v2\/posts\/1561\/revisions"}],"wp:featuredmedia":[{"embeddable":true,"href":"https:\/\/ilgiornaledieboli.it\/index.php\/wp-json\/wp\/v2\/media\/1572"}],"wp:attachment":[{"href":"https:\/\/ilgiornaledieboli.it\/index.php\/wp-json\/wp\/v2\/media?parent=1561"}],"wp:term":[{"taxonomy":"category","embeddable":true,"href":"https:\/\/ilgiornaledieboli.it\/index.php\/wp-json\/wp\/v2\/categories?post=1561"},{"taxonomy":"post_tag","embeddable":true,"href":"https:\/\/ilgiornaledieboli.it\/index.php\/wp-json\/wp\/v2\/tags?post=1561"}],"curies":[{"name":"wp","href":"https:\/\/api.w.org\/{rel}","templated":true}]}}