{"id":1365,"date":"2024-02-03T19:58:38","date_gmt":"2024-02-03T18:58:38","guid":{"rendered":"https:\/\/ilgiornaledieboli.it\/?p=1365"},"modified":"2024-02-03T19:58:40","modified_gmt":"2024-02-03T18:58:40","slug":"si-inaugura-il-micronido-appuntamento-il-5-febbraio","status":"publish","type":"post","link":"https:\/\/ilgiornaledieboli.it\/index.php\/2024\/02\/03\/si-inaugura-il-micronido-appuntamento-il-5-febbraio\/","title":{"rendered":"SI INAUGURA IL MICRONIDO. Appuntamento il 5 febbraio."},"content":{"rendered":" Citt\u00e0 di Eboli<br \/><br \/>Sar\u00e0 inaugurato luned\u00ec 5 febbraio alle 10,00 il servizio di micronido per l\u2019infanzia. <br \/>I piccoli e i loro genitori saranno accolti dalle educatrici nei locali di via Walter Tobagi, siti presso la scuola dell\u2019infanzia comunale Longobardi. A gestire il servizio, affidato dal Comune, sar\u00e0 la cooperativa La Rada specializzata in servizi a minori. <br \/>Dopo la cerimonia inaugurale a cui presenzier\u00e0 il Sindaco Mario Conte e l\u2019Assessore alle Politiche Sociali e Scolastiche Katia Cennamo, alle famiglie verr\u00e0 illustrato il funzionamento del micronido. <br \/>I piccoli, la cui et\u00e0 va dai 12 ai 36 mesi, cominceranno le attivit\u00e0 di inserimento gi\u00e0 marted\u00ec 6 febbraio.<br \/>I posti disponibili, che si aggiungono a quelli dell\u2019asilo nido comunale, sono 20 e le attivit\u00e0 dureranno 4 mesi e 20 giorni.<br \/>\u00abSi tratta di un ulteriore servizio per le famiglie con figli piccoli \u2013 ha spiegato l\u2019Assessore Katia Cennamo \u2013 cui va tutta la nostra attenzione. Lavoreremo per implementarlo e prolungarlo con ulteriori finanziamenti anche per i prossimi anni scolastici. Abbiamo aumentato cos\u00ec la disponibilit\u00e0 di posti rispetto a quelli dell\u2019asilo comunale. Un passo avanti per la nostra comunit\u00e0 nella direzione che vogliamo seguire: massima attenzione alle famiglie, alla scuola e alle problematiche sociali\u00bb. <br \/>","protected":false},"excerpt":{"rendered":"<p>Citt\u00e0 di Eboli Sar\u00e0 inaugurato luned\u00ec 5 febbraio alle 10,00 il servizio di micronido per l\u2019infanzia. I piccoli e i loro genitori saranno accolti dalle educatrici nei locali di via Walter Tobagi, siti presso la scuola dell\u2019infanzia comunale Longobardi. A gestire il servizio, affidato dal Comune, sar\u00e0 la cooperativa La Rada specializzata in servizi a [&hellip;]<\/p>\n","protected":false},"author":2,"featured_media":1387,"comment_status":"open","ping_status":"open","sticky":false,"template":"","format":"standard","meta":{"footnotes":""},"categories":[11,4],"tags":[5,197,165],"class_list":["post-1365","post","type-post","status-publish","format-standard","has-post-thumbnail","hentry","category-attualita","category-news","tag-eboli","tag-infanzia","tag-micronido"],"_links":{"self":[{"href":"https:\/\/ilgiornaledieboli.it\/index.php\/wp-json\/wp\/v2\/posts\/1365","targetHints":{"allow":["GET"]}}],"collection":[{"href":"https:\/\/ilgiornaledieboli.it\/index.php\/wp-json\/wp\/v2\/posts"}],"about":[{"href":"https:\/\/ilgiornaledieboli.it\/index.php\/wp-json\/wp\/v2\/types\/post"}],"author":[{"embeddable":true,"href":"https:\/\/ilgiornaledieboli.it\/index.php\/wp-json\/wp\/v2\/users\/2"}],"replies":[{"embeddable":true,"href":"https:\/\/ilgiornaledieboli.it\/index.php\/wp-json\/wp\/v2\/comments?post=1365"}],"version-history":[{"count":0,"href":"https:\/\/ilgiornaledieboli.it\/index.php\/wp-json\/wp\/v2\/posts\/1365\/revisions"}],"wp:featuredmedia":[{"embeddable":true,"href":"https:\/\/ilgiornaledieboli.it\/index.php\/wp-json\/wp\/v2\/media\/1387"}],"wp:attachment":[{"href":"https:\/\/ilgiornaledieboli.it\/index.php\/wp-json\/wp\/v2\/media?parent=1365"}],"wp:term":[{"taxonomy":"category","embeddable":true,"href":"https:\/\/ilgiornaledieboli.it\/index.php\/wp-json\/wp\/v2\/categories?post=1365"},{"taxonomy":"post_tag","embeddable":true,"href":"https:\/\/ilgiornaledieboli.it\/index.php\/wp-json\/wp\/v2\/tags?post=1365"}],"curies":[{"name":"wp","href":"https:\/\/api.w.org\/{rel}","templated":true}]}}