{"id":1324,"date":"2024-01-30T20:28:51","date_gmt":"2024-01-30T19:28:51","guid":{"rendered":"https:\/\/ilgiornaledieboli.it\/?p=1324"},"modified":"2024-01-30T20:28:52","modified_gmt":"2024-01-30T19:28:52","slug":"espropri-per-l-alta-velocita-m5s-critico-sugli-espropri-lamministrazione-comunale-si-basa-sul-sentito-dire","status":"publish","type":"post","link":"https:\/\/ilgiornaledieboli.it\/index.php\/2024\/01\/30\/espropri-per-l-alta-velocita-m5s-critico-sugli-espropri-lamministrazione-comunale-si-basa-sul-sentito-dire\/","title":{"rendered":"Espropri per l&#8217; Alta Velocit\u00e0,  m5s critico sugli espropri: &#8220;L&#8217;AMMINISTRAZIONE COMUNALE SI BASA SUL SENTITO DIRE&#8221;."},"content":{"rendered":"Il Movimemto 5 Stelle di Eboli, con un documento a firma del rappresentante territoriale, Etasmo Venosi, stronca la posizione dell&#8217;Amministrazione Conte sugli espropri. Ve lo proponiamo integralmente.<br \/><br \/>Un comunicato stampa dell\u2019Amministrazione comunale , a una settimana dall\u2019incontro di Roma e, alla vigilia dell\u2019incontro con RFI. Un comunicato ,che fonda le rassicurazioni agli espropriati e al <br \/>territorio sul sentito dire. A parole. Nemmeno un banale Protocollo d\u2019Intesa firmato con <br \/>ministero delle infrastrutture e Rfi ,che formalizzi impegni , risorse, scadenze . Una Spa, RFI ,che deve rispettare il piano finanziario.che fa parte del Dossier Progetto di Fattibilit\u00e0 Tecnico Economico e che, coerentemente con il DPR 327\/2001 fissa le procedure e il riferimento al criterio per assegnare un valore, per gli espropri. Rispetto alle compensazioni ambientali ,che da sempre si negoziano ,in Conferenza dei Servizi decisoria svoltasi nel dicembre 2022 , e che dal 2012 non possono eccedere il 2% del <br \/>valore dell\u2019investimento come da Codice Appalti. Incredibile l\u2019esultanza che emerge da un comunicato stampa , che di fatto sembra dare per scontato il giudizio negativo del Tar ad aprile prossimo.<br \/>Un ricorso nel quale evidentemente non credono nemmeno , a quanto argomentato e sottoscritto , ovvero l\u2019arbitrariet\u00e0 della <br \/>scelta di RFI del corridoio autostradale alternativo , a quello tirrenico ,che \u00e8 parte del Corridoio Scandinavo Mediterraneo. <br \/>Corridoio componente delle reti europee di competenza della Unione europea, che lo aveva scelto nella decisione 1692\/1996 , <br \/>ribadita nel Regolamento europeo 1315\/2013 e, in atti del Governo e del Parlamento italiano come il DL 34\/del 2020 e ,nemmeno mutato nel DL 77\/2021 ,che regolamenta il PNRR.<br \/>Si parla genericamente di AV Salerno\/Reggio Calabria e di Battipaglia \/Potenza. Infine non nel PNRR inviato e approvato <br \/>dalla Commissione , che nell\u2019Investimento 1.1 parla di collegamento Alta Velocit\u00e0 verso il Sud ,destinando 4,64 miliardi e 1,58 miliardi per le connessioni diagonali , quale \u00e8 la <br \/>Battipaglia\/Potenza\/Taranto. <br \/>Solo nel gennaio del 2022 si apprende , che RFI ha scelto un tracciato diverso da quello lungo la costa. L\u2019Amministrazione ha <br \/>firmato e creduto, in questa argomentazione e sconcerta questa esultanza di chi ha partecipato all\u2019incontro senza firmare uno <br \/>straccio di impegno su espropri ,compensazioni e assurdamente <br \/>nulla sui frontisti ,figli di un dio minore. <br \/>Nel comunicato si annuncia incredibilmente , che RFI ha accettato come compensazioni quanto richiesto. Cosa ha richiesto<br \/>l\u2019Amministrazione ? Almeno il Consiglio ne conosce le richieste ? Sarete responsabili di quanto avete comunicato, sia sugli espropri <br \/>che sulle compensazioni , tenendo conto , che la gara di appalto vinta dal consorzio contiene tutte le voci di costo contenute nel <br \/>Piano Economico Finanziario , e che da alcune bisogner\u00e0 derogare perch\u00e9 cos\u00ec RFI vi ha detto ,a voce. <br \/>Non vi permetteremo di usare l\u2019alibi RFI se le promesse non <br \/>saranno mantenute !<br \/>30 gennaio 2024 <br \/> IL Rappresentante Territoriale del Movimento 5 Stelle <br \/> Erasmo Venosi","protected":false},"excerpt":{"rendered":"<p>Il Movimemto 5 Stelle di Eboli, con un documento a firma del rappresentante territoriale, Etasmo Venosi, stronca la posizione dell&#8217;Amministrazione Conte sugli espropri. Ve lo proponiamo integralmente. Un comunicato stampa dell\u2019Amministrazione comunale , a una settimana dall\u2019incontro di Roma e, alla vigilia dell\u2019incontro con RFI. Un comunicato ,che fonda le rassicurazioni agli espropriati e al [&hellip;]<\/p>\n","protected":false},"author":2,"featured_media":1332,"comment_status":"open","ping_status":"open","sticky":false,"template":"","format":"standard","meta":{"footnotes":""},"categories":[11,4,3],"tags":[40,5,188],"class_list":["post-1324","post","type-post","status-publish","format-standard","has-post-thumbnail","hentry","category-attualita","category-news","category-politica","tag-comune-di-eboli","tag-eboli","tag-movimento-5-stelle"],"_links":{"self":[{"href":"https:\/\/ilgiornaledieboli.it\/index.php\/wp-json\/wp\/v2\/posts\/1324","targetHints":{"allow":["GET"]}}],"collection":[{"href":"https:\/\/ilgiornaledieboli.it\/index.php\/wp-json\/wp\/v2\/posts"}],"about":[{"href":"https:\/\/ilgiornaledieboli.it\/index.php\/wp-json\/wp\/v2\/types\/post"}],"author":[{"embeddable":true,"href":"https:\/\/ilgiornaledieboli.it\/index.php\/wp-json\/wp\/v2\/users\/2"}],"replies":[{"embeddable":true,"href":"https:\/\/ilgiornaledieboli.it\/index.php\/wp-json\/wp\/v2\/comments?post=1324"}],"version-history":[{"count":0,"href":"https:\/\/ilgiornaledieboli.it\/index.php\/wp-json\/wp\/v2\/posts\/1324\/revisions"}],"wp:featuredmedia":[{"embeddable":true,"href":"https:\/\/ilgiornaledieboli.it\/index.php\/wp-json\/wp\/v2\/media\/1332"}],"wp:attachment":[{"href":"https:\/\/ilgiornaledieboli.it\/index.php\/wp-json\/wp\/v2\/media?parent=1324"}],"wp:term":[{"taxonomy":"category","embeddable":true,"href":"https:\/\/ilgiornaledieboli.it\/index.php\/wp-json\/wp\/v2\/categories?post=1324"},{"taxonomy":"post_tag","embeddable":true,"href":"https:\/\/ilgiornaledieboli.it\/index.php\/wp-json\/wp\/v2\/tags?post=1324"}],"curies":[{"name":"wp","href":"https:\/\/api.w.org\/{rel}","templated":true}]}}