{"id":1252,"date":"2024-01-19T18:13:14","date_gmt":"2024-01-19T17:13:14","guid":{"rendered":"https:\/\/ilgiornaledieboli.it\/?p=1252"},"modified":"2024-01-19T18:13:15","modified_gmt":"2024-01-19T17:13:15","slug":"accorpamenti-scolastici-il-gonzaga-avra-una-segreteria-distaccata-a-santa-cecilia-ma-solo-quella-il-comune-di-eboli-invita-la-regione-a-cambiare-i-criteri-per-le-fusioni-dei-plessi","status":"publish","type":"post","link":"https:\/\/ilgiornaledieboli.it\/index.php\/2024\/01\/19\/accorpamenti-scolastici-il-gonzaga-avra-una-segreteria-distaccata-a-santa-cecilia-ma-solo-quella-il-comune-di-eboli-invita-la-regione-a-cambiare-i-criteri-per-le-fusioni-dei-plessi\/","title":{"rendered":"Accorpamenti scolastici, IL GONZAGA AVR\u00c0 UNA SEGRETERIA DISTACCATA A SANTA CECILIA, MA SOLO QUELLA. Il Comune di Eboli invita la Regione a cambiare i criteri per le fusioni dei plessi."},"content":{"rendered":"<br \/>Il Comune di Eboli invita la Regione ad usare criteri di prossimit\u00e0 per gli accorpamenti, cosa che nel caso del plesso Gonzaga non si \u00e8 fatta. Il criterio utilizzato dalla Regione \u00e8 quello della mancanza di una dirigenza e del minor numero di alunni.  Un criterio che non tiene conto della lontananza geografica delle due sedi scolastiche e che, pertanto, non convince. Non ci sono stati tavoli a cui il Comune abbia potuto partecipare. Le due videoconferenze convocate durante le quali Sindaco e Assessore avrebbero voluto esprimere le proprie perplessit\u00e0 sono state rinviate perch\u00e9 la regione era in attesa delle sentenze relative ai ricorsi presentati contro il dimensionamento scolastico deciso dal Governo. <br \/>In tutti gli incontri ai quali il Comune ha partecipato, mesi fa, \u00e8 stato espresso un parere diverso sul dimensionamento suggerendo che esso avvenisse tra scuole vicine tra loro e postenel centro cittadino. <br \/>Alla luce della normativa predisposta dal Governo Eboli \u00e8 destinata a perdere una dirigenza e una segreteria.  L&#8217;Amministrazione di Eboli propone  pertanto alla Regione di utilizzare il criterio della prossimit\u00e0 tra istituti oltre al semplice criterio numerico.  <br \/>Eboli continuer\u00e0  a proporre alternative e far\u00e0 di tutto perch\u00e9 il provvedimento venga rivisto, si vuole per\u00f2 sottolineare che non c\u2019\u00e8 alcun problema per genitori, alunni e docenti poich\u00e9 resteranno plessi e insegnanti, ma vi sar\u00e0 una segreteria distaccata. Sar\u00e0 dunque possibile continuare ad iscrivere gli studenti presso la scuola pi\u00f9 vicina pur essendovi un solo codice meccanografico online. Per i bambini insomma non cambier\u00e0 nulla. Quanto alla dirigente alterner\u00e0 la propria presenza tra gli edifici scolastici. <br \/>C\u2019\u00e8 un altro istituto senza dirigenza ad Eboli per il quale, alla luce del dimensionamento, si corre il medesimo rischio. Nel contempo l&#8217;Amministrazione Comunale intende  rassicurare le famiglie e il personale scolastico sul suo massimo impegno e  sta continuando anche in queste ore a chiedere un incontro e una revisione della decisione.<br \/>","protected":false},"excerpt":{"rendered":"<p>Il Comune di Eboli invita la Regione ad usare criteri di prossimit\u00e0 per gli accorpamenti, cosa che nel caso del plesso Gonzaga non si \u00e8 fatta. Il criterio utilizzato dalla Regione \u00e8 quello della mancanza di una dirigenza e del minor numero di alunni. Un criterio che non tiene conto della lontananza geografica delle due [&hellip;]<\/p>\n","protected":false},"author":2,"featured_media":1261,"comment_status":"open","ping_status":"open","sticky":false,"template":"","format":"standard","meta":{"footnotes":""},"categories":[11,4],"tags":[183,40,5,44],"class_list":["post-1252","post","type-post","status-publish","format-standard","has-post-thumbnail","hentry","category-attualita","category-news","tag-accorpamenti-scolastici","tag-comune-di-eboli","tag-eboli","tag-scuola"],"_links":{"self":[{"href":"https:\/\/ilgiornaledieboli.it\/index.php\/wp-json\/wp\/v2\/posts\/1252","targetHints":{"allow":["GET"]}}],"collection":[{"href":"https:\/\/ilgiornaledieboli.it\/index.php\/wp-json\/wp\/v2\/posts"}],"about":[{"href":"https:\/\/ilgiornaledieboli.it\/index.php\/wp-json\/wp\/v2\/types\/post"}],"author":[{"embeddable":true,"href":"https:\/\/ilgiornaledieboli.it\/index.php\/wp-json\/wp\/v2\/users\/2"}],"replies":[{"embeddable":true,"href":"https:\/\/ilgiornaledieboli.it\/index.php\/wp-json\/wp\/v2\/comments?post=1252"}],"version-history":[{"count":0,"href":"https:\/\/ilgiornaledieboli.it\/index.php\/wp-json\/wp\/v2\/posts\/1252\/revisions"}],"wp:featuredmedia":[{"embeddable":true,"href":"https:\/\/ilgiornaledieboli.it\/index.php\/wp-json\/wp\/v2\/media\/1261"}],"wp:attachment":[{"href":"https:\/\/ilgiornaledieboli.it\/index.php\/wp-json\/wp\/v2\/media?parent=1252"}],"wp:term":[{"taxonomy":"category","embeddable":true,"href":"https:\/\/ilgiornaledieboli.it\/index.php\/wp-json\/wp\/v2\/categories?post=1252"},{"taxonomy":"post_tag","embeddable":true,"href":"https:\/\/ilgiornaledieboli.it\/index.php\/wp-json\/wp\/v2\/tags?post=1252"}],"curies":[{"name":"wp","href":"https:\/\/api.w.org\/{rel}","templated":true}]}}