{"id":1230,"date":"2024-01-17T17:21:06","date_gmt":"2024-01-17T16:21:06","guid":{"rendered":"https:\/\/ilgiornaledieboli.it\/?p=1230"},"modified":"2024-01-17T17:21:07","modified_gmt":"2024-01-17T16:21:07","slug":"eboli-adotta-il-bilancio-di-genere","status":"publish","type":"post","link":"https:\/\/ilgiornaledieboli.it\/index.php\/2024\/01\/17\/eboli-adotta-il-bilancio-di-genere\/","title":{"rendered":"EBOLI ADOTTA IL BILANCIO DI GENERE"},"content":{"rendered":"\n<p><br>Per la prima volta, e probabilmente unico nella provincia di Salerno, il Comune di Eboli adotter\u00e0 il bilancio di genere. <br>\u00abL\u2019allocazione e la distribuzione delle risorse pubbliche non \u00e8 neutrale da un punto di vista di genere. \u2013 ha dichiarato il consigliere per le Pari Opportunit\u00e0 Pasquale Ruocco &#8211; Al contrario \u00e8 proprio nella fase della redazione di un bilancio pubblico che vengono operate le scelte pi\u00f9 rilevanti rispetto alle azioni e adottate misure che possono promuovere l\u2019equit\u00e0 di genere o al contrario generare discriminazioni e difficolt\u00e0. In questo senso i bilanci di genere sono considerati degli strumenti importanti per il raggiungimento di standard di buona governance sia in riferimento ai parametri di trasparenza e partecipazione, sia in relazione agli obiettivi di crescita, di efficienza della spesa e di garanzia di equit\u00e0 sociale. Devo ringraziare il Sindaco, l\u2019Assessore al Bilancio Gianmaria Sgritta che hanno accolto con favore e condiviso con l\u2019Amministrazione la mia proposta di inserire il bilancio di genere nella programmazione comunale e la consigliera Marianna Villecco per averci lavorato con dedizione\u00bb.<br> Le esperienze realizzate di bilancio di genere (poche) si sono generalmente distinte per avere due obiettivi:  da una parte analizzare e valutare le politiche pubbliche e dall\u2019altra creare consapevolezza incidendo laddove possibile per modificarle.<br>Si legge infatti nel testo del Dup gi\u00e0 approvato in Giunta e all\u2019esame del Consiglio il prossimo 23 gennaio che \u201calla luce delle esperienze maturate a livello nazionale nell\u2019ambito di contesti sociali, culturali e politici differenziati \u00e8 anche nelle intenzioni dell\u2019Amministrazione di Eboli adottare i princ\u00ecpi che ispirano il bilancio di genere. Come evidenziato, anche, nella Risoluzione del Parlamento europeo del 21 gennaio 2021 sulla strategia dell\u2019UE per la parit\u00e0 di genere, questo strumento rappresenta un mezzo essenziale per realizzare la parit\u00e0 di genere in tutti i settori. Gli obiettivi fondamentali del bilancio di genere sono:  accrescere la consapevolezza dell\u2019impatto che le politiche pubbliche possono avere sulle diseguaglianze di genere;  assicurare una maggiore efficacia degli interventi, tramite una chiara definizione di obiettivi di genere da tenere in considerazione anche nell\u2019individuazione delle modalit\u00e0 di attuazione;  promuovere una maggiore trasparenza della pubblica amministrazione, attivando meccanismi tesi a evidenziare pratiche potenzialmente discriminatorie. Tale strumento \u00e8 considerato tra i pi\u00f9 efficaci per integrare la dimensione di genere e garantire una presenza equilibrata di entrambi i sessi nei servizi pubblici\u201d. <br><\/p>\n\n\n\n<figure data-wp-context=\"{&quot;imageId&quot;:&quot;69f22c2f6dc0e&quot;}\" data-wp-interactive=\"core\/image\" data-wp-key=\"69f22c2f6dc0e\" class=\"wp-block-image size-full wp-lightbox-container\"><img loading=\"lazy\" decoding=\"async\" width=\"636\" height=\"483\" data-wp-class--hide=\"state.isContentHidden\" data-wp-class--show=\"state.isContentVisible\" data-wp-init=\"callbacks.setButtonStyles\" data-wp-on--click=\"actions.showLightbox\" data-wp-on--load=\"callbacks.setButtonStyles\" data-wp-on-window--resize=\"callbacks.setButtonStyles\" src=\"https:\/\/ilgiornaledieboli.it\/wp-content\/uploads\/2024\/01\/BILANCIO1.jpg\" alt=\"\" class=\"wp-image-1236\" srcset=\"https:\/\/ilgiornaledieboli.it\/wp-content\/uploads\/2024\/01\/BILANCIO1.jpg 636w, https:\/\/ilgiornaledieboli.it\/wp-content\/uploads\/2024\/01\/BILANCIO1-300x228.jpg 300w\" sizes=\"auto, (max-width: 636px) 100vw, 636px\" \/><button\n\t\t\tclass=\"lightbox-trigger\"\n\t\t\ttype=\"button\"\n\t\t\taria-haspopup=\"dialog\"\n\t\t\taria-label=\"Ingrandisci\"\n\t\t\tdata-wp-init=\"callbacks.initTriggerButton\"\n\t\t\tdata-wp-on--click=\"actions.showLightbox\"\n\t\t\tdata-wp-style--right=\"state.imageButtonRight\"\n\t\t\tdata-wp-style--top=\"state.imageButtonTop\"\n\t\t>\n\t\t\t<svg xmlns=\"http:\/\/www.w3.org\/2000\/svg\" width=\"12\" height=\"12\" fill=\"none\" viewBox=\"0 0 12 12\">\n\t\t\t\t<path fill=\"#fff\" d=\"M2 0a2 2 0 0 0-2 2v2h1.5V2a.5.5 0 0 1 .5-.5h2V0H2Zm2 10.5H2a.5.5 0 0 1-.5-.5V8H0v2a2 2 0 0 0 2 2h2v-1.5ZM8 12v-1.5h2a.5.5 0 0 0 .5-.5V8H12v2a2 2 0 0 1-2 2H8Zm2-12a2 2 0 0 1 2 2v2h-1.5V2a.5.5 0 0 0-.5-.5H8V0h2Z\" \/>\n\t\t\t<\/svg>\n\t\t<\/button><\/figure>\n","protected":false},"excerpt":{"rendered":"<p>Per la prima volta, e probabilmente unico nella provincia di Salerno, il Comune di Eboli adotter\u00e0 il bilancio di genere. \u00abL\u2019allocazione e la distribuzione delle risorse pubbliche non \u00e8 neutrale da un punto di vista di genere. \u2013 ha dichiarato il consigliere per le Pari Opportunit\u00e0 Pasquale Ruocco &#8211; Al contrario \u00e8 proprio nella fase [&hellip;]<\/p>\n","protected":false},"author":2,"featured_media":1237,"comment_status":"open","ping_status":"open","sticky":false,"template":"","format":"standard","meta":{"footnotes":""},"categories":[11,4],"tags":[179,40,5],"class_list":["post-1230","post","type-post","status-publish","format-standard","has-post-thumbnail","hentry","category-attualita","category-news","tag-bilancio-di-genere","tag-comune-di-eboli","tag-eboli"],"_links":{"self":[{"href":"https:\/\/ilgiornaledieboli.it\/index.php\/wp-json\/wp\/v2\/posts\/1230","targetHints":{"allow":["GET"]}}],"collection":[{"href":"https:\/\/ilgiornaledieboli.it\/index.php\/wp-json\/wp\/v2\/posts"}],"about":[{"href":"https:\/\/ilgiornaledieboli.it\/index.php\/wp-json\/wp\/v2\/types\/post"}],"author":[{"embeddable":true,"href":"https:\/\/ilgiornaledieboli.it\/index.php\/wp-json\/wp\/v2\/users\/2"}],"replies":[{"embeddable":true,"href":"https:\/\/ilgiornaledieboli.it\/index.php\/wp-json\/wp\/v2\/comments?post=1230"}],"version-history":[{"count":0,"href":"https:\/\/ilgiornaledieboli.it\/index.php\/wp-json\/wp\/v2\/posts\/1230\/revisions"}],"wp:featuredmedia":[{"embeddable":true,"href":"https:\/\/ilgiornaledieboli.it\/index.php\/wp-json\/wp\/v2\/media\/1237"}],"wp:attachment":[{"href":"https:\/\/ilgiornaledieboli.it\/index.php\/wp-json\/wp\/v2\/media?parent=1230"}],"wp:term":[{"taxonomy":"category","embeddable":true,"href":"https:\/\/ilgiornaledieboli.it\/index.php\/wp-json\/wp\/v2\/categories?post=1230"},{"taxonomy":"post_tag","embeddable":true,"href":"https:\/\/ilgiornaledieboli.it\/index.php\/wp-json\/wp\/v2\/tags?post=1230"}],"curies":[{"name":"wp","href":"https:\/\/api.w.org\/{rel}","templated":true}]}}