{"id":1216,"date":"2024-01-17T17:16:13","date_gmt":"2024-01-17T16:16:13","guid":{"rendered":"https:\/\/ilgiornaledieboli.it\/?p=1216"},"modified":"2024-01-17T17:16:14","modified_gmt":"2024-01-17T16:16:14","slug":"corso-di-formazione-per-le-professioni-editoriali-boom-di-iscrizioni","status":"publish","type":"post","link":"https:\/\/ilgiornaledieboli.it\/index.php\/2024\/01\/17\/corso-di-formazione-per-le-professioni-editoriali-boom-di-iscrizioni\/","title":{"rendered":"Corso di formazione per le professioni editoriali. BOOM DI ISCRIZIONI!"},"content":{"rendered":"\n<p><br>Ben 39 le richieste di iscrizione pervenute entro il 15 gennaio al Corso di Formazione per le professioni editoriali. 14 domande sono giunte persino da altri comuni, addirittura fuori provincia ( Capaccio, Baiano, Avellino, Sant&#8217;Antimo), 25, invece, da Eboli.<br>Tanto che l\u2019Assessore alla Cultura del Comune di Eboli, Lucilla Polito, dopo aver consultato il funzionario di settore e, soprattutto, Giuseppe Avigliano, ha ritenuto opportuno accogliere tutte le istanze. Le lezioni prenderanno il via l\u20198 febbraio presso la Biblioteca comunale Simone Augeluzzi. <br>\u201cA giudicare dal numero delle iscrizioni che hanno oltrepassato i posti a disposizione, pur se il margine temporale non era dei pi\u00f9 lunghi, l\u2019iniziativa \u00e8 stata accolta con molto entusiasmo. Un entusiasmo che intendiamo ripagare con il corso. E se questa prima edizione avr\u00e0 successo come fa intravedere gi\u00e0 la grande partecipazione, la ripeteremo ed amplieremo. Di certo si tratta di una iniziativa che non ha paragoni con altre simili. Vi sono tanti corsi di formazione per le professioni editoriali, ma nessuno \u00e8 completamente gratuito\u00bb &#8211; ha dichiarato soddisfatta l\u2019Assessore Polito. <br>Il corso rientra nelle iniziative nate dal protocollo d\u2019intesa fra la casa editrice Caff\u00e8orchidea e la Biblioteca Comunale Simone Augelluzzi per sensibilizzare alla lettura.<br>La partecipazione garantisce una introduzione efficace a tutti gli aspetti della vita redazionale e costituisce un\u2019occasione di formazione professionale utile ai fini dell\u2019ingresso nel mondo del lavoro. <br>Alla fine del corso sar\u00e0 rilasciato un attestato di partecipazione.<br>Dieci le lezioni previste, ciascuna di due ore.<br>Le lezioni verteranno non solo sul mondo dell\u2019editoria in generale, ma entreranno nel dettaglio dell\u2019editing, del confronto tra editore e scrittore, della correzione di bozze, della revisione e impaginazione, dei diversi formati di grafica editoriale, nonch\u00e9 della comunicazione pi\u00f9 efficace per la promozione di un libro. <br>A tenere le lezioni sar\u00e0 Giuseppe Avigliano:\u00abTra le tante attivit\u00e0 che stiamo mettendo in atto con la \u201cScuola di lettura in Biblioteca\u201d, il corso di formazione \u00e8 un tassello fondamentale e un\u2019occasione di crescita e approfondimento per lettori e professionisti. I corsisti avranno la possibilit\u00e0 di formarsi gratuitamente e di aggiungere un importante tassello al proprio curriculum\u00bb.<br><br><br><\/p>\n","protected":false},"excerpt":{"rendered":"<p>Ben 39 le richieste di iscrizione pervenute entro il 15 gennaio al Corso di Formazione per le professioni editoriali. 14 domande sono giunte persino da altri comuni, addirittura fuori provincia ( Capaccio, Baiano, Avellino, Sant&#8217;Antimo), 25, invece, da Eboli.Tanto che l\u2019Assessore alla Cultura del Comune di Eboli, Lucilla Polito, dopo aver consultato il funzionario di [&hellip;]<\/p>\n","protected":false},"author":2,"featured_media":1235,"comment_status":"open","ping_status":"open","sticky":false,"template":"","format":"standard","meta":{"footnotes":""},"categories":[15,4],"tags":[178,5],"class_list":["post-1216","post","type-post","status-publish","format-standard","has-post-thumbnail","hentry","category-cultura","category-news","tag-corso-di-formazione-2","tag-eboli"],"_links":{"self":[{"href":"https:\/\/ilgiornaledieboli.it\/index.php\/wp-json\/wp\/v2\/posts\/1216","targetHints":{"allow":["GET"]}}],"collection":[{"href":"https:\/\/ilgiornaledieboli.it\/index.php\/wp-json\/wp\/v2\/posts"}],"about":[{"href":"https:\/\/ilgiornaledieboli.it\/index.php\/wp-json\/wp\/v2\/types\/post"}],"author":[{"embeddable":true,"href":"https:\/\/ilgiornaledieboli.it\/index.php\/wp-json\/wp\/v2\/users\/2"}],"replies":[{"embeddable":true,"href":"https:\/\/ilgiornaledieboli.it\/index.php\/wp-json\/wp\/v2\/comments?post=1216"}],"version-history":[{"count":0,"href":"https:\/\/ilgiornaledieboli.it\/index.php\/wp-json\/wp\/v2\/posts\/1216\/revisions"}],"wp:featuredmedia":[{"embeddable":true,"href":"https:\/\/ilgiornaledieboli.it\/index.php\/wp-json\/wp\/v2\/media\/1235"}],"wp:attachment":[{"href":"https:\/\/ilgiornaledieboli.it\/index.php\/wp-json\/wp\/v2\/media?parent=1216"}],"wp:term":[{"taxonomy":"category","embeddable":true,"href":"https:\/\/ilgiornaledieboli.it\/index.php\/wp-json\/wp\/v2\/categories?post=1216"},{"taxonomy":"post_tag","embeddable":true,"href":"https:\/\/ilgiornaledieboli.it\/index.php\/wp-json\/wp\/v2\/tags?post=1216"}],"curies":[{"name":"wp","href":"https:\/\/api.w.org\/{rel}","templated":true}]}}