{"id":1023,"date":"2024-01-05T08:38:31","date_gmt":"2024-01-05T07:38:31","guid":{"rendered":"https:\/\/ilgiornaledieboli.it\/?p=1023"},"modified":"2024-01-05T12:10:06","modified_gmt":"2024-01-05T11:10:06","slug":"svincolo-autostradale-botta-e-risposta-tra-filomena-rosamilia-e-salvatore-marisei","status":"publish","type":"post","link":"https:\/\/ilgiornaledieboli.it\/index.php\/2024\/01\/05\/svincolo-autostradale-botta-e-risposta-tra-filomena-rosamilia-e-salvatore-marisei\/","title":{"rendered":"Svincolo autostradale, BOTTA E RISPOSTA TRA FILOMENA ROSAMILIA E SALVATORE MARISEI."},"content":{"rendered":"\n<p>Dopo il via libera del ministero dell&#8217;Ambiente al nuovo svincolo autostradale, parte la gara alle rivendicazioni della paternit\u00e0 dell&#8217; opera tra la vecchia Amministrazione Cariello e la nuova giunta Conte : &#8220;GRANDE VITTORIA DEL PD E DELLA GIUNTA CARIELLO&#8221;, prorompe in un post sui social, Filomena Rosamilia, confermando il legame fra questo partito e l&#8217;ex sindaco che, ricordiamo, \u00e8  alle prese con qualche problema giudiziario fra cui una sentenza di condanna in primo grado ed in attesa del giudizio di appello. &#8220;In qualit\u00e0 di consigliere provinciale esprimo il mio compiacimento per il parere favorevole di compatibilit\u00e0 ambientale emesso daI Ministero Ambiente e Sicurezza Energetica sulla realizzazione del progetto di adeguamento funzionale dello svincolo di Eboli sulla A2 Salerno-Reggio Calabria e sulla sistemazione della relativa viabilit\u00e0 locale interferente.&#8221; Parte cos\u00ec Filomena Rosamilia in veste di consigliere provinciale  oltre che comunale, poi, con correttezza, &#8220;&#8230;apprezza la volont\u00e0 dell\u2019attuale governo di voler dare seguito ad un finanziamento ottenuto nel 2016, grazie ad un grande lavoro di sinergia fortemente voluto dell\u2019allora Sindaco di Eboli Massimo Cariello&#8230;&#8221;. &#8216;SINERGIA&#8217;, la parola che tanto piaceva all&#8217;ex sindaco,  viene qui richiamata una prima volta. Poi la consigliera prosegue&#8230; &#8220;&#8230;Grazie anche al lavoro di rete e di sinergia  (seconda volta -nda-) con il presidente del consiglio comunale Fausto Vecchio, quando riuscimmo a recuperare un finanziamento gi\u00e0 aggiudicato dalla giunta Melchionda nel 2012 ma poi revocato dal governo nazionale. Importante \u00e8 stata anche la sinergia (terza volta -nda-) con l\u2019onorevole Tino Iannuzzi e il supporto dell\u2019onorevole ebolitano Antonio Cuomo.&#8221; . Anche il generoso profluvio di ringraziamenti era tipico di Massimo Cariello . Poi c&#8217;\u00e8 il ricordo delle battaglie: &#8220;&#8230;ricordo bene la battaglia sostenuta, gli incontri a Roma presso l\u2019ANAS, gli atti amministrativi della giunta Cariello&#8230;&#8221;, infine la stoccata finale: &#8220;&#8230;mi auguro che l\u2019attuale amministrazione sappia gestire l\u2019ordinaria procedura di un finanziamento cosi importante, evitando gli inutili e ridicoli commenti dell\u2019assessore Marisei, che ancora oggi insieme al suo fido Sindaco cugino, non riesce a motivare i repentini cambiamenti di posizione su Terna, Rfi, impianti fotovoltaici etc.&#8221;. La Rosamilia  riprende poi, in impressionante somiglianza con lo  stile &#8216;Carielliano&#8217;, i ringraziamenti : &#8220;Abbiamo gi\u00e0 ottenuto il massimo impegno e controllo sul prosieguo della procedura da parte dell&#8217;onorevole Piero De Luca sempre attento al nostro territorio. E se una vera svolta per la viabilit\u00e0 della citt\u00e0 di Eboli c\u2019\u00e8 e ci sar\u00e0 \u00e8 merito del grande lavoro di squadra della giunta Cariello, del PD e degli onorevoli Cuomo e Iannuzzi.&#8221;. RINGRAZIAMO!!!<\/p>\n\n\n\n<figure class=\"wp-block-gallery has-nested-images columns-default is-cropped wp-block-gallery-1 is-layout-flex wp-block-gallery-is-layout-flex\">\n<figure class=\"wp-block-image size-large\"><img loading=\"lazy\" decoding=\"async\" width=\"677\" height=\"1024\" data-id=\"1024\" src=\"https:\/\/ilgiornaledieboli.it\/wp-content\/uploads\/2024\/01\/Screenshot_20240105_073613_Microsoft-365-Office-1-677x1024.jpg\" alt=\"\" class=\"wp-image-1024\" srcset=\"https:\/\/ilgiornaledieboli.it\/wp-content\/uploads\/2024\/01\/Screenshot_20240105_073613_Microsoft-365-Office-1-677x1024.jpg 677w, https:\/\/ilgiornaledieboli.it\/wp-content\/uploads\/2024\/01\/Screenshot_20240105_073613_Microsoft-365-Office-1-198x300.jpg 198w, https:\/\/ilgiornaledieboli.it\/wp-content\/uploads\/2024\/01\/Screenshot_20240105_073613_Microsoft-365-Office-1-768x1162.jpg 768w, https:\/\/ilgiornaledieboli.it\/wp-content\/uploads\/2024\/01\/Screenshot_20240105_073613_Microsoft-365-Office-1-1015x1536.jpg 1015w, https:\/\/ilgiornaledieboli.it\/wp-content\/uploads\/2024\/01\/Screenshot_20240105_073613_Microsoft-365-Office-1.jpg 1080w\" sizes=\"auto, (max-width: 677px) 100vw, 677px\" \/><\/figure>\n<\/figure>\n\n\n\n<p>Non si \u00e8  fatta attendere la pacata reazione (sempre sui social) dell&#8217; assessore Salvatore Marisei, accusato di essere autore di ridicoli commenti e di essere &#8216;cugino&#8217;. Non perde tempo, Marisei, e passa ai fatti proponendo subito il link con la documentazione sull&#8217;ammodernamento del nostro svincolo autostradale: &#8220;Qui la documentazione sul progetto che, ovviamente, per opere di questa portata, comporta anche alcuni espropri di cui ci rammarichiamo.&#8221;<\/p>\n\n\n\n<p><a href=\"https:\/\/comune.eboli.sa.it\/contenuti\/2353849\/svincolo-autostradale\">https:\/\/comune.eboli.sa.it\/contenuti\/2353849\/svincolo-autostradale<\/a><\/p>\n\n\n\n<p>Dopo il rammarico di prassi, la rivendicazione &#8220;Finalmente, dopo 12 anni, siamo passati dagli annunci all\u2019imminente appalto.<br>Un ritardo colpevole dovuto al tira e molla che ha visto coinvolti due ex sindaci e qualche parlamentare, oltre a diversi assessori e consiglieri comunali.<br>I nomi inutile farli, li conoscono tutti.<br>Motivo del contendere un progetto che era diventato la tela di Penelope, nel tentativo di tutelare ora l\u2019uno, ora l\u2019altro interesse.<br>Per fortuna i tempi sono cambiati.<br>Oggi l\u2019Anas ha trovato un\u2019Amministrazione seria ed affidabile con cui collaborare nell\u2019interesse superiore dei cittadini.<br>Tutta qui la differenza che, non ne avevo dubbi, sfugge ancora a qualche rappresentante del vecchio sistema. Se ne faccia una ragione(Filomena Rosamilia?-nda-)andremo avanti e cambieremo la nostra citt\u00e0 mantenendo tutti gli impegni assunti appena due anni fa.&#8221;<\/p>\n\n\n\n<h1 class=\"wp-block-heading\"> <\/h1>\n","protected":false},"excerpt":{"rendered":"<p>Dopo il via libera del ministero dell&#8217;Ambiente al nuovo svincolo autostradale, parte la gara alle rivendicazioni della paternit\u00e0 dell&#8217; opera tra la vecchia Amministrazione Cariello e la nuova giunta Conte : &#8220;GRANDE VITTORIA DEL PD E DELLA GIUNTA CARIELLO&#8221;, prorompe in un post sui social, Filomena Rosamilia, confermando il legame fra questo partito e l&#8217;ex [&hellip;]<\/p>\n","protected":false},"author":5,"featured_media":1025,"comment_status":"open","ping_status":"open","sticky":false,"template":"","format":"standard","meta":{"footnotes":""},"categories":[4,3],"tags":[128,28,40,146,5,147,144,145,127],"class_list":["post-1023","post","type-post","status-publish","format-standard","has-post-thumbnail","hentry","category-news","category-politica","tag-anas","tag-attualita","tag-comune-di-eboli","tag-conte","tag-eboli","tag-filomenarosamilia","tag-massimocariello","tag-salvatoremarisei","tag-svincolo-autostradale"],"_links":{"self":[{"href":"https:\/\/ilgiornaledieboli.it\/index.php\/wp-json\/wp\/v2\/posts\/1023","targetHints":{"allow":["GET"]}}],"collection":[{"href":"https:\/\/ilgiornaledieboli.it\/index.php\/wp-json\/wp\/v2\/posts"}],"about":[{"href":"https:\/\/ilgiornaledieboli.it\/index.php\/wp-json\/wp\/v2\/types\/post"}],"author":[{"embeddable":true,"href":"https:\/\/ilgiornaledieboli.it\/index.php\/wp-json\/wp\/v2\/users\/5"}],"replies":[{"embeddable":true,"href":"https:\/\/ilgiornaledieboli.it\/index.php\/wp-json\/wp\/v2\/comments?post=1023"}],"version-history":[{"count":0,"href":"https:\/\/ilgiornaledieboli.it\/index.php\/wp-json\/wp\/v2\/posts\/1023\/revisions"}],"wp:featuredmedia":[{"embeddable":true,"href":"https:\/\/ilgiornaledieboli.it\/index.php\/wp-json\/wp\/v2\/media\/1025"}],"wp:attachment":[{"href":"https:\/\/ilgiornaledieboli.it\/index.php\/wp-json\/wp\/v2\/media?parent=1023"}],"wp:term":[{"taxonomy":"category","embeddable":true,"href":"https:\/\/ilgiornaledieboli.it\/index.php\/wp-json\/wp\/v2\/categories?post=1023"},{"taxonomy":"post_tag","embeddable":true,"href":"https:\/\/ilgiornaledieboli.it\/index.php\/wp-json\/wp\/v2\/tags?post=1023"}],"curies":[{"name":"wp","href":"https:\/\/api.w.org\/{rel}","templated":true}]}}